{"id":61402,"date":"2026-04-26T18:11:36","date_gmt":"2026-04-26T21:11:36","guid":{"rendered":"http:\/\/masquenoticiastucuman.com.ar\/?p=61402"},"modified":"2026-04-26T18:11:36","modified_gmt":"2026-04-26T21:11:36","slug":"el-insolito-penal-que-cobro-el-hijo-de-beligoy-en-la-primera-b-metropolitana","status":"publish","type":"post","link":"https:\/\/masquenoticiastucuman.com.ar\/?p=61402","title":{"rendered":"El ins\u00f3lito penal que cobr\u00f3 el hijo de Beligoy en la Primera B Metropolitana"},"content":{"rendered":"<ul>\n<li> El hijo del director nacional de arbitraje cobr\u00f3 un ins\u00f3lito penal a favor de Comunicaciones en la Primera B Metropolitana. <\/li>\n<li>El joven \u00e1rbitro de 25 a\u00f1os tuvo un ascenso vertiginoso en el f\u00fatbol argentino. <\/li>\n<\/ul>\n<p><\/p>\n<p>\u200bEl hijo del director nacional de arbitraje cobr\u00f3 un ins\u00f3lito penal a favor de Comunicaciones en la Primera B Metropolitana. El joven \u00e1rbitro de 25 a\u00f1os tuvo un ascenso vertiginoso en el f\u00fatbol argentino.\u00a0<a href=\"https:\/\/www.clarin.com\/deportes\/insolito-penal-cobro-hijo-beligoy-primera-b-metropolitana_0_JXyv34TAzM.html\" target=\"_blank\" class=\"feedzy-rss-link-icon\">Read More<\/a><\/p>","protected":false},"excerpt":{"rendered":"<p>El hijo del director nacional de arbitraje cobr\u00f3 un ins\u00f3lito penal a favor de Comunicaciones&#8230;<\/p>\n","protected":false},"author":1,"featured_media":0,"comment_status":"open","ping_status":"open","sticky":false,"template":"","format":"standard","meta":{"footnotes":""},"categories":[6],"tags":[],"class_list":["post-61402","post","type-post","status-publish","format-standard","has-post-thumbnail","hentry","category-deportes"],"_links":{"self":[{"href":"https:\/\/masquenoticiastucuman.com.ar\/index.php?rest_route=\/wp\/v2\/posts\/61402","targetHints":{"allow":["GET"]}}],"collection":[{"href":"https:\/\/masquenoticiastucuman.com.ar\/index.php?rest_route=\/wp\/v2\/posts"}],"about":[{"href":"https:\/\/masquenoticiastucuman.com.ar\/index.php?rest_route=\/wp\/v2\/types\/post"}],"author":[{"embeddable":true,"href":"https:\/\/masquenoticiastucuman.com.ar\/index.php?rest_route=\/wp\/v2\/users\/1"}],"replies":[{"embeddable":true,"href":"https:\/\/masquenoticiastucuman.com.ar\/index.php?rest_route=%2Fwp%2Fv2%2Fcomments&post=61402"}],"version-history":[{"count":0,"href":"https:\/\/masquenoticiastucuman.com.ar\/index.php?rest_route=\/wp\/v2\/posts\/61402\/revisions"}],"wp:attachment":[{"href":"https:\/\/masquenoticiastucuman.com.ar\/index.php?rest_route=%2Fwp%2Fv2%2Fmedia&parent=61402"}],"wp:term":[{"taxonomy":"category","embeddable":true,"href":"https:\/\/masquenoticiastucuman.com.ar\/index.php?rest_route=%2Fwp%2Fv2%2Fcategories&post=61402"},{"taxonomy":"post_tag","embeddable":true,"href":"https:\/\/masquenoticiastucuman.com.ar\/index.php?rest_route=%2Fwp%2Fv2%2Ftags&post=61402"}],"curies":[{"name":"wp","href":"https:\/\/api.w.org\/{rel}","templated":true}]}}