{"id":61406,"date":"2026-04-26T19:56:06","date_gmt":"2026-04-26T22:56:06","guid":{"rendered":"http:\/\/masquenoticiastucuman.com.ar\/?p=61406"},"modified":"2026-04-26T19:56:06","modified_gmt":"2026-04-26T22:56:06","slug":"el-tiroteo-que-obligo-a-evacuar-a-trump-pone-en-foco-la-figura-del-superviviente-designado","status":"publish","type":"post","link":"https:\/\/masquenoticiastucuman.com.ar\/?p=61406","title":{"rendered":"El tiroteo que oblig\u00f3 a evacuar a Trump pone en foco la figura del\u00a0&#8220;superviviente designado&#8221;"},"content":{"rendered":"<ul>\n<li>Dirigentes cuestionaron los controles de seguridad para ingresar a un evento en el que participaban varios funcionarios en la l\u00ednea de sucesi\u00f3n.<\/li>\n<li>Pese a las cr\u00edticas, desde la Casa Blanca sostienen que el mandatario no dejar\u00e1 de asistir a los eventos.<\/li>\n<\/ul>\n<p>\u200bDirigentes cuestionaron los controles de seguridad para ingresar a un evento en el que participaban varios funcionarios en la l\u00ednea de sucesi\u00f3n.Pese a las cr\u00edticas, desde la Casa Blanca sostienen que el mandatario no dejar\u00e1 de asistir a los eventos.\u00a0<a href=\"https:\/\/www.clarin.com\/mundo\/tiroteo-obligo-evacuar-trump-pone-foco-figura-del-superviviente-designado_0_ConTNLxdfC.html\" target=\"_blank\" class=\"feedzy-rss-link-icon\">Read More<\/a><\/p>","protected":false},"excerpt":{"rendered":"<p>Dirigentes cuestionaron los controles de seguridad para ingresar a un evento en el que participaban&#8230;<\/p>\n","protected":false},"author":1,"featured_media":61407,"comment_status":"open","ping_status":"open","sticky":false,"template":"","format":"standard","meta":{"footnotes":""},"categories":[4],"tags":[],"class_list":["post-61406","post","type-post","status-publish","format-standard","has-post-thumbnail","hentry","category-internacionales"],"_links":{"self":[{"href":"https:\/\/masquenoticiastucuman.com.ar\/index.php?rest_route=\/wp\/v2\/posts\/61406","targetHints":{"allow":["GET"]}}],"collection":[{"href":"https:\/\/masquenoticiastucuman.com.ar\/index.php?rest_route=\/wp\/v2\/posts"}],"about":[{"href":"https:\/\/masquenoticiastucuman.com.ar\/index.php?rest_route=\/wp\/v2\/types\/post"}],"author":[{"embeddable":true,"href":"https:\/\/masquenoticiastucuman.com.ar\/index.php?rest_route=\/wp\/v2\/users\/1"}],"replies":[{"embeddable":true,"href":"https:\/\/masquenoticiastucuman.com.ar\/index.php?rest_route=%2Fwp%2Fv2%2Fcomments&post=61406"}],"version-history":[{"count":0,"href":"https:\/\/masquenoticiastucuman.com.ar\/index.php?rest_route=\/wp\/v2\/posts\/61406\/revisions"}],"wp:featuredmedia":[{"embeddable":true,"href":"https:\/\/masquenoticiastucuman.com.ar\/index.php?rest_route=\/wp\/v2\/media\/61407"}],"wp:attachment":[{"href":"https:\/\/masquenoticiastucuman.com.ar\/index.php?rest_route=%2Fwp%2Fv2%2Fmedia&parent=61406"}],"wp:term":[{"taxonomy":"category","embeddable":true,"href":"https:\/\/masquenoticiastucuman.com.ar\/index.php?rest_route=%2Fwp%2Fv2%2Fcategories&post=61406"},{"taxonomy":"post_tag","embeddable":true,"href":"https:\/\/masquenoticiastucuman.com.ar\/index.php?rest_route=%2Fwp%2Fv2%2Ftags&post=61406"}],"curies":[{"name":"wp","href":"https:\/\/api.w.org\/{rel}","templated":true}]}}