{"id":61408,"date":"2026-04-26T18:43:33","date_gmt":"2026-04-26T21:43:33","guid":{"rendered":"http:\/\/masquenoticiastucuman.com.ar\/?p=61408"},"modified":"2026-04-26T18:43:33","modified_gmt":"2026-04-26T21:43:33","slug":"el-atacante-de-washington-cruzo-todo-el-pais-actuo-solo-y-tenia-un-profundo-sentimiento-anti-trump","status":"publish","type":"post","link":"https:\/\/masquenoticiastucuman.com.ar\/?p=61408","title":{"rendered":"El atacante de Washington: cruz\u00f3 todo el pa\u00eds, actu\u00f3 solo y ten\u00eda un profundo sentimiento anti-Trump"},"content":{"rendered":"<ul>\n<li>Cole Tomas Allen, el hombre de 31 a\u00f1os que intent\u00f3 irrumpir el s\u00e1bado a la noche en el sal\u00f3n de baile en la cena de la Asociaci\u00f3n de Corresponsales de la Casa Blanca con armas de fuego y cuchillos, es ingeniero mec\u00e1nico.<\/li>\n<li>Ten\u00eda como objetivo atentar contra miembros del gobierno de Donald Trump, incluido el presidente de los Estados Unidos.<\/li>\n<\/ul>\n<p>\u200bCole Tomas Allen, el hombre de 31 a\u00f1os que intent\u00f3 irrumpir el s\u00e1bado a la noche en el sal\u00f3n de baile en la cena de la Asociaci\u00f3n de Corresponsales de la Casa Blanca con armas de fuego y cuchillos, es ingeniero mec\u00e1nico.Ten\u00eda como objetivo atentar contra miembros del gobierno de Donald Trump, incluido el presidente de los Estados Unidos.\u00a0<a href=\"https:\/\/www.clarin.com\/mundo\/atacante-washington-cruzo-pais-actuo-solo-profundo-sentimiento-anti-trump_0_Huuh1dXuYN.html\" target=\"_blank\" class=\"feedzy-rss-link-icon\">Read More<\/a><\/p>","protected":false},"excerpt":{"rendered":"<p>Cole Tomas Allen, el hombre de 31 a\u00f1os que intent\u00f3 irrumpir el s\u00e1bado a la&#8230;<\/p>\n","protected":false},"author":1,"featured_media":61409,"comment_status":"open","ping_status":"open","sticky":false,"template":"","format":"standard","meta":{"footnotes":""},"categories":[4],"tags":[],"class_list":["post-61408","post","type-post","status-publish","format-standard","has-post-thumbnail","hentry","category-internacionales"],"_links":{"self":[{"href":"https:\/\/masquenoticiastucuman.com.ar\/index.php?rest_route=\/wp\/v2\/posts\/61408","targetHints":{"allow":["GET"]}}],"collection":[{"href":"https:\/\/masquenoticiastucuman.com.ar\/index.php?rest_route=\/wp\/v2\/posts"}],"about":[{"href":"https:\/\/masquenoticiastucuman.com.ar\/index.php?rest_route=\/wp\/v2\/types\/post"}],"author":[{"embeddable":true,"href":"https:\/\/masquenoticiastucuman.com.ar\/index.php?rest_route=\/wp\/v2\/users\/1"}],"replies":[{"embeddable":true,"href":"https:\/\/masquenoticiastucuman.com.ar\/index.php?rest_route=%2Fwp%2Fv2%2Fcomments&post=61408"}],"version-history":[{"count":0,"href":"https:\/\/masquenoticiastucuman.com.ar\/index.php?rest_route=\/wp\/v2\/posts\/61408\/revisions"}],"wp:featuredmedia":[{"embeddable":true,"href":"https:\/\/masquenoticiastucuman.com.ar\/index.php?rest_route=\/wp\/v2\/media\/61409"}],"wp:attachment":[{"href":"https:\/\/masquenoticiastucuman.com.ar\/index.php?rest_route=%2Fwp%2Fv2%2Fmedia&parent=61408"}],"wp:term":[{"taxonomy":"category","embeddable":true,"href":"https:\/\/masquenoticiastucuman.com.ar\/index.php?rest_route=%2Fwp%2Fv2%2Fcategories&post=61408"},{"taxonomy":"post_tag","embeddable":true,"href":"https:\/\/masquenoticiastucuman.com.ar\/index.php?rest_route=%2Fwp%2Fv2%2Ftags&post=61408"}],"curies":[{"name":"wp","href":"https:\/\/api.w.org\/{rel}","templated":true}]}}