{"id":61410,"date":"2026-04-26T20:31:42","date_gmt":"2026-04-26T23:31:42","guid":{"rendered":"http:\/\/masquenoticiastucuman.com.ar\/?p=61410"},"modified":"2026-04-26T20:31:42","modified_gmt":"2026-04-26T23:31:42","slug":"cuales-son-los-secretos-que-esconden-los-libros-de-el-diablo-viste-a-la-moda-y-por-que-vale-la-pena-leerlos","status":"publish","type":"post","link":"https:\/\/masquenoticiastucuman.com.ar\/?p=61410","title":{"rendered":"Cu\u00e1les son los secretos que esconden los libros de &#8220;El diablo viste a la moda&#8221; y por qu\u00e9 vale la pena leerlos"},"content":{"rendered":"<ul>\n<li>La historia, que tendr\u00e1 su secuela esta semana, est\u00e1 basada en una trilog\u00eda de la autora Lauren Weisberger.<\/li>\n<li>Cu\u00e1les son las diferencias entre el universo literario y la adaptaci\u00f3n protagonizada por<strong> Meryl Streep y Anne Hathaway,<\/strong> que estrena su segunda entrega este jueves 30 de abril.<\/li>\n<\/ul>\n<p>\u200bLa historia, que tendr\u00e1 su secuela esta semana, est\u00e1 basada en una trilog\u00eda de la autora Lauren Weisberger.Cu\u00e1les son las diferencias entre el universo literario y la adaptaci\u00f3n protagonizada por Meryl Streep y Anne Hathaway, que estrena su segunda entrega este jueves 30 de abril.\u00a0<a href=\"https:\/\/www.clarin.com\/espectaculos\/secretos-esconden-libros-diablo-viste-moda-vale-pena-leerlos_0_nzZGZ5TIig.html\" target=\"_blank\" class=\"feedzy-rss-link-icon\">Read More<\/a><\/p>","protected":false},"excerpt":{"rendered":"<p>La historia, que tendr\u00e1 su secuela esta semana, est\u00e1 basada en una trilog\u00eda de la&#8230;<\/p>\n","protected":false},"author":1,"featured_media":0,"comment_status":"open","ping_status":"open","sticky":false,"template":"","format":"standard","meta":{"footnotes":""},"categories":[5],"tags":[],"class_list":["post-61410","post","type-post","status-publish","format-standard","has-post-thumbnail","hentry","category-espectaculo"],"_links":{"self":[{"href":"https:\/\/masquenoticiastucuman.com.ar\/index.php?rest_route=\/wp\/v2\/posts\/61410","targetHints":{"allow":["GET"]}}],"collection":[{"href":"https:\/\/masquenoticiastucuman.com.ar\/index.php?rest_route=\/wp\/v2\/posts"}],"about":[{"href":"https:\/\/masquenoticiastucuman.com.ar\/index.php?rest_route=\/wp\/v2\/types\/post"}],"author":[{"embeddable":true,"href":"https:\/\/masquenoticiastucuman.com.ar\/index.php?rest_route=\/wp\/v2\/users\/1"}],"replies":[{"embeddable":true,"href":"https:\/\/masquenoticiastucuman.com.ar\/index.php?rest_route=%2Fwp%2Fv2%2Fcomments&post=61410"}],"version-history":[{"count":0,"href":"https:\/\/masquenoticiastucuman.com.ar\/index.php?rest_route=\/wp\/v2\/posts\/61410\/revisions"}],"wp:attachment":[{"href":"https:\/\/masquenoticiastucuman.com.ar\/index.php?rest_route=%2Fwp%2Fv2%2Fmedia&parent=61410"}],"wp:term":[{"taxonomy":"category","embeddable":true,"href":"https:\/\/masquenoticiastucuman.com.ar\/index.php?rest_route=%2Fwp%2Fv2%2Fcategories&post=61410"},{"taxonomy":"post_tag","embeddable":true,"href":"https:\/\/masquenoticiastucuman.com.ar\/index.php?rest_route=%2Fwp%2Fv2%2Ftags&post=61410"}],"curies":[{"name":"wp","href":"https:\/\/api.w.org\/{rel}","templated":true}]}}