{"id":61411,"date":"2026-04-26T19:39:28","date_gmt":"2026-04-26T22:39:28","guid":{"rendered":"http:\/\/masquenoticiastucuman.com.ar\/?p=61411"},"modified":"2026-04-26T19:39:28","modified_gmt":"2026-04-26T22:39:28","slug":"el-descargo-de-andrada-despues-de-la-pina-que-le-pego-al-capitan-de-huesca-por-que-reacciono-de-esa-manera-tan-desmedida","status":"publish","type":"post","link":"https:\/\/masquenoticiastucuman.com.ar\/?p=61411","title":{"rendered":"El descargo de Andrada despu\u00e9s de la pi\u00f1a que le peg\u00f3 al capit\u00e1n de Huesca: por qu\u00e9 reaccion\u00f3 de esa manera tan desmedida"},"content":{"rendered":"<ul>\n<li>&#8220;Me sal\u00ed de contexto&#8221;, &#8220;me desconect\u00e9&#8221; y &#8220;quiero pedir disculpas&#8221;, dijo el arquero.<\/li>\n<li>El arquero argentino reconoci\u00f3 estar &#8220;muy arrepentido&#8221; por su lamentable accionar en el partido entre el Zaragoza y el Huesca.<\/li>\n<\/ul>\n<p>\u200b&#8221;Me sal\u00ed de contexto&#8221;, &#8220;me desconect\u00e9&#8221; y &#8220;quiero pedir disculpas&#8221;, dijo el arquero.El arquero argentino reconoci\u00f3 estar &#8220;muy arrepentido&#8221; por su lamentable accionar en el partido entre el Zaragoza y el Huesca.\u00a0<a href=\"https:\/\/www.clarin.com\/deportes\/descargo-andrada-despues-pina-pego-capitan-huesca-reacciono-manera-desmedida_0_uWTkE1h9vt.html\" target=\"_blank\" class=\"feedzy-rss-link-icon\">Read More<\/a><\/p>","protected":false},"excerpt":{"rendered":"<p>&#8220;Me sal\u00ed de contexto&#8221;, &#8220;me desconect\u00e9&#8221; y &#8220;quiero pedir disculpas&#8221;, dijo el arquero. El arquero&#8230;<\/p>\n","protected":false},"author":1,"featured_media":0,"comment_status":"open","ping_status":"open","sticky":false,"template":"","format":"standard","meta":{"footnotes":""},"categories":[6],"tags":[],"class_list":["post-61411","post","type-post","status-publish","format-standard","has-post-thumbnail","hentry","category-deportes"],"_links":{"self":[{"href":"https:\/\/masquenoticiastucuman.com.ar\/index.php?rest_route=\/wp\/v2\/posts\/61411","targetHints":{"allow":["GET"]}}],"collection":[{"href":"https:\/\/masquenoticiastucuman.com.ar\/index.php?rest_route=\/wp\/v2\/posts"}],"about":[{"href":"https:\/\/masquenoticiastucuman.com.ar\/index.php?rest_route=\/wp\/v2\/types\/post"}],"author":[{"embeddable":true,"href":"https:\/\/masquenoticiastucuman.com.ar\/index.php?rest_route=\/wp\/v2\/users\/1"}],"replies":[{"embeddable":true,"href":"https:\/\/masquenoticiastucuman.com.ar\/index.php?rest_route=%2Fwp%2Fv2%2Fcomments&post=61411"}],"version-history":[{"count":0,"href":"https:\/\/masquenoticiastucuman.com.ar\/index.php?rest_route=\/wp\/v2\/posts\/61411\/revisions"}],"wp:attachment":[{"href":"https:\/\/masquenoticiastucuman.com.ar\/index.php?rest_route=%2Fwp%2Fv2%2Fmedia&parent=61411"}],"wp:term":[{"taxonomy":"category","embeddable":true,"href":"https:\/\/masquenoticiastucuman.com.ar\/index.php?rest_route=%2Fwp%2Fv2%2Fcategories&post=61411"},{"taxonomy":"post_tag","embeddable":true,"href":"https:\/\/masquenoticiastucuman.com.ar\/index.php?rest_route=%2Fwp%2Fv2%2Ftags&post=61411"}],"curies":[{"name":"wp","href":"https:\/\/api.w.org\/{rel}","templated":true}]}}