{"id":61412,"date":"2026-04-26T19:24:58","date_gmt":"2026-04-26T22:24:58","guid":{"rendered":"http:\/\/masquenoticiastucuman.com.ar\/?p=61412"},"modified":"2026-04-26T19:24:58","modified_gmt":"2026-04-26T22:24:58","slug":"que-dijo-el-entrenador-del-zaragoza-tras-la-salvaje-agresion-de-andrada-al-capitan-de-huesca","status":"publish","type":"post","link":"https:\/\/masquenoticiastucuman.com.ar\/?p=61412","title":{"rendered":"Qu\u00e9 dijo el entrenador del Zaragoza tras la salvaje agresi\u00f3n de Andrada al capit\u00e1n de Huesca"},"content":{"rendered":"<ul>\n<li>El DT David Navarro ofreci\u00f3 disculpas por la agresi\u00f3n del arquero y el club avis\u00f3 que tomar\u00e1 una fuerte sanci\u00f3n disciplinaria contra el argentino.<\/li>\n<\/ul>\n<p>\u200bEl DT David Navarro ofreci\u00f3 disculpas por la agresi\u00f3n del arquero y el club avis\u00f3 que tomar\u00e1 una fuerte sanci\u00f3n disciplinaria contra el argentino.\u00a0<a href=\"https:\/\/www.clarin.com\/deportes\/dijo-entrenador-zaragoza-salvaje-agresion-andrada-capitan-huesca_0_2ntLrtjM7F.html\" target=\"_blank\" class=\"feedzy-rss-link-icon\">Read More<\/a><\/p>","protected":false},"excerpt":{"rendered":"<p>El DT David Navarro ofreci\u00f3 disculpas por la agresi\u00f3n del arquero y el club avis\u00f3&#8230;<\/p>\n","protected":false},"author":1,"featured_media":0,"comment_status":"open","ping_status":"open","sticky":false,"template":"","format":"standard","meta":{"footnotes":""},"categories":[6],"tags":[],"class_list":["post-61412","post","type-post","status-publish","format-standard","has-post-thumbnail","hentry","category-deportes"],"_links":{"self":[{"href":"https:\/\/masquenoticiastucuman.com.ar\/index.php?rest_route=\/wp\/v2\/posts\/61412","targetHints":{"allow":["GET"]}}],"collection":[{"href":"https:\/\/masquenoticiastucuman.com.ar\/index.php?rest_route=\/wp\/v2\/posts"}],"about":[{"href":"https:\/\/masquenoticiastucuman.com.ar\/index.php?rest_route=\/wp\/v2\/types\/post"}],"author":[{"embeddable":true,"href":"https:\/\/masquenoticiastucuman.com.ar\/index.php?rest_route=\/wp\/v2\/users\/1"}],"replies":[{"embeddable":true,"href":"https:\/\/masquenoticiastucuman.com.ar\/index.php?rest_route=%2Fwp%2Fv2%2Fcomments&post=61412"}],"version-history":[{"count":0,"href":"https:\/\/masquenoticiastucuman.com.ar\/index.php?rest_route=\/wp\/v2\/posts\/61412\/revisions"}],"wp:attachment":[{"href":"https:\/\/masquenoticiastucuman.com.ar\/index.php?rest_route=%2Fwp%2Fv2%2Fmedia&parent=61412"}],"wp:term":[{"taxonomy":"category","embeddable":true,"href":"https:\/\/masquenoticiastucuman.com.ar\/index.php?rest_route=%2Fwp%2Fv2%2Fcategories&post=61412"},{"taxonomy":"post_tag","embeddable":true,"href":"https:\/\/masquenoticiastucuman.com.ar\/index.php?rest_route=%2Fwp%2Fv2%2Ftags&post=61412"}],"curies":[{"name":"wp","href":"https:\/\/api.w.org\/{rel}","templated":true}]}}