{"id":61416,"date":"2026-04-26T22:42:57","date_gmt":"2026-04-27T01:42:57","guid":{"rendered":"http:\/\/masquenoticiastucuman.com.ar\/?p=61416"},"modified":"2026-04-26T22:42:57","modified_gmt":"2026-04-27T01:42:57","slug":"batalla-campal-en-una-velada-de-boxeo-en-turquia-invasion-del-publico-sillas-volando-y-sangrienta-gresca-entre-turcos-y-rusos","status":"publish","type":"post","link":"https:\/\/masquenoticiastucuman.com.ar\/?p=61416","title":{"rendered":"Batalla campal en una velada de  boxeo en Turqu\u00eda: invasi\u00f3n del p\u00fablico, sillas volando y sangrienta gresca entre turcos y rusos"},"content":{"rendered":"<ul>\n<li>El combate entre el local Emirhan Kalkan y el ruso Sergei Gorokhov, por el cintur\u00f3n de la UBO (Organizaci\u00f3n Universal de Boxeo), deriv\u00f3 en una batalla campal entre los integrantes de ambos equipos y a parte del p\u00fablico.<\/li>\n<\/ul>\n<p>\u200bEl combate entre el local Emirhan Kalkan y el ruso Sergei Gorokhov, por el cintur\u00f3n de la UBO (Organizaci\u00f3n Universal de Boxeo), deriv\u00f3 en una batalla campal entre los integrantes de ambos equipos y a parte del p\u00fablico.\u00a0<a href=\"https:\/\/www.clarin.com\/deportes\/batalla-campal-velada-boxeo-turquia-invasion-publico-sillas-volando-sangrienta-gresca-turcos-rusos_0_6tCJgcHGs8.html\" target=\"_blank\" class=\"feedzy-rss-link-icon\">Read More<\/a><\/p>","protected":false},"excerpt":{"rendered":"<p>El combate entre el local Emirhan Kalkan y el ruso Sergei Gorokhov, por el cintur\u00f3n&#8230;<\/p>\n","protected":false},"author":1,"featured_media":0,"comment_status":"open","ping_status":"open","sticky":false,"template":"","format":"standard","meta":{"footnotes":""},"categories":[6],"tags":[],"class_list":["post-61416","post","type-post","status-publish","format-standard","has-post-thumbnail","hentry","category-deportes"],"_links":{"self":[{"href":"https:\/\/masquenoticiastucuman.com.ar\/index.php?rest_route=\/wp\/v2\/posts\/61416","targetHints":{"allow":["GET"]}}],"collection":[{"href":"https:\/\/masquenoticiastucuman.com.ar\/index.php?rest_route=\/wp\/v2\/posts"}],"about":[{"href":"https:\/\/masquenoticiastucuman.com.ar\/index.php?rest_route=\/wp\/v2\/types\/post"}],"author":[{"embeddable":true,"href":"https:\/\/masquenoticiastucuman.com.ar\/index.php?rest_route=\/wp\/v2\/users\/1"}],"replies":[{"embeddable":true,"href":"https:\/\/masquenoticiastucuman.com.ar\/index.php?rest_route=%2Fwp%2Fv2%2Fcomments&post=61416"}],"version-history":[{"count":0,"href":"https:\/\/masquenoticiastucuman.com.ar\/index.php?rest_route=\/wp\/v2\/posts\/61416\/revisions"}],"wp:attachment":[{"href":"https:\/\/masquenoticiastucuman.com.ar\/index.php?rest_route=%2Fwp%2Fv2%2Fmedia&parent=61416"}],"wp:term":[{"taxonomy":"category","embeddable":true,"href":"https:\/\/masquenoticiastucuman.com.ar\/index.php?rest_route=%2Fwp%2Fv2%2Fcategories&post=61416"},{"taxonomy":"post_tag","embeddable":true,"href":"https:\/\/masquenoticiastucuman.com.ar\/index.php?rest_route=%2Fwp%2Fv2%2Ftags&post=61416"}],"curies":[{"name":"wp","href":"https:\/\/api.w.org\/{rel}","templated":true}]}}