{"id":61418,"date":"2026-04-27T04:29:19","date_gmt":"2026-04-27T07:29:19","guid":{"rendered":"http:\/\/masquenoticiastucuman.com.ar\/?p=61418"},"modified":"2026-04-27T04:29:19","modified_gmt":"2026-04-27T07:29:19","slug":"ver-a-colapinto-desde-un-balcon-de-avenida-del-libertador-el-dia-en-que-el-barrio-mas-paquete-de-buenos-aires-se-convirtio-en-montecarlo-por-un-rato","status":"publish","type":"post","link":"https:\/\/masquenoticiastucuman.com.ar\/?p=61418","title":{"rendered":"Ver a Colapinto desde un balc\u00f3n de Avenida del Libertador: el d\u00eda en que el barrio m\u00e1s paquete de Buenos Aires se convirti\u00f3 en Montecarlo por un rato"},"content":{"rendered":"<ul>\n<li>La exhibici\u00f3n del piloto argentino alter\u00f3 el ecosistema entre vallas, agentes de tr\u00e1nsito y personal de seguridad.<\/li>\n<li>Los vecinos de esta exclusiva zona de la ciudad pasaron del fastidio a la resignaci\u00f3n, y cerca del mediod\u00eda al goce.<\/li>\n<\/ul>\n<p><\/p>\n<p>\u200bLa exhibici\u00f3n del piloto argentino alter\u00f3 el ecosistema entre vallas, agentes de tr\u00e1nsito y personal de seguridad.Los vecinos de esta exclusiva zona de la ciudad pasaron del fastidio a la resignaci\u00f3n, y cerca del mediod\u00eda al goce.\u00a0<a href=\"https:\/\/www.clarin.com\/deportes\/ver-colapinto-balcon-avenida-libertador-dia-barrio-paquete-buenos-aires-convirtio-montecarlo-rato_0_70iHNU3i4T.html\" target=\"_blank\" class=\"feedzy-rss-link-icon\">Read More<\/a><\/p>","protected":false},"excerpt":{"rendered":"<p>La exhibici\u00f3n del piloto argentino alter\u00f3 el ecosistema entre vallas, agentes de tr\u00e1nsito y personal&#8230;<\/p>\n","protected":false},"author":1,"featured_media":0,"comment_status":"open","ping_status":"open","sticky":false,"template":"","format":"standard","meta":{"footnotes":""},"categories":[6],"tags":[],"class_list":["post-61418","post","type-post","status-publish","format-standard","has-post-thumbnail","hentry","category-deportes"],"_links":{"self":[{"href":"https:\/\/masquenoticiastucuman.com.ar\/index.php?rest_route=\/wp\/v2\/posts\/61418","targetHints":{"allow":["GET"]}}],"collection":[{"href":"https:\/\/masquenoticiastucuman.com.ar\/index.php?rest_route=\/wp\/v2\/posts"}],"about":[{"href":"https:\/\/masquenoticiastucuman.com.ar\/index.php?rest_route=\/wp\/v2\/types\/post"}],"author":[{"embeddable":true,"href":"https:\/\/masquenoticiastucuman.com.ar\/index.php?rest_route=\/wp\/v2\/users\/1"}],"replies":[{"embeddable":true,"href":"https:\/\/masquenoticiastucuman.com.ar\/index.php?rest_route=%2Fwp%2Fv2%2Fcomments&post=61418"}],"version-history":[{"count":0,"href":"https:\/\/masquenoticiastucuman.com.ar\/index.php?rest_route=\/wp\/v2\/posts\/61418\/revisions"}],"wp:attachment":[{"href":"https:\/\/masquenoticiastucuman.com.ar\/index.php?rest_route=%2Fwp%2Fv2%2Fmedia&parent=61418"}],"wp:term":[{"taxonomy":"category","embeddable":true,"href":"https:\/\/masquenoticiastucuman.com.ar\/index.php?rest_route=%2Fwp%2Fv2%2Fcategories&post=61418"},{"taxonomy":"post_tag","embeddable":true,"href":"https:\/\/masquenoticiastucuman.com.ar\/index.php?rest_route=%2Fwp%2Fv2%2Ftags&post=61418"}],"curies":[{"name":"wp","href":"https:\/\/api.w.org\/{rel}","templated":true}]}}