{"id":61419,"date":"2026-04-27T04:25:18","date_gmt":"2026-04-27T07:25:18","guid":{"rendered":"http:\/\/masquenoticiastucuman.com.ar\/?p=61419"},"modified":"2026-04-27T04:25:18","modified_gmt":"2026-04-27T07:25:18","slug":"la-intimidad-del-debut-de-lucas-silva-en-river-un-pueblo-movilizado-risas-por-los-memes-y-los-22-segundos-mas-felices","status":"publish","type":"post","link":"https:\/\/masquenoticiastucuman.com.ar\/?p=61419","title":{"rendered":"La intimidad del debut de Lucas Silva en River: un pueblo movilizado,  risas por los memes y los 22 segundos &#8220;m\u00e1s felices&#8221;"},"content":{"rendered":"<ul>\n<li>El juvenil mediocampista de 19 a\u00f1os ingres\u00f3 sobre el final del triunfo 3-1 sobre Aldosivi de Mar del Plata y no pudo ni tocar la pelota.<\/li>\n<li>Es el tercer jugador de La Dulce, partido de Necochea, que llega a Primera, luego de Jos\u00e9 Luis Ducca y Khalil Caraballo. Firmar\u00e1 contrato como profesional &#8220;en breve&#8221;.<\/li>\n<li>Una historia de sacrificio familiar detr\u00e1s del sue\u00f1o que encarnan miles de pibes del interior.<\/li>\n<\/ul>\n<p>\u200bEl juvenil mediocampista de 19 a\u00f1os ingres\u00f3 sobre el final del triunfo 3-1 sobre Aldosivi de Mar del Plata y no pudo ni tocar la pelota.Es el tercer jugador de La Dulce, partido de Necochea, que llega a Primera, luego de Jos\u00e9 Luis Ducca y Khalil Caraballo. Firmar\u00e1 contrato como profesional &#8220;en breve&#8221;.Una historia de sacrificio familiar detr\u00e1s del sue\u00f1o que encarnan miles de pibes del interior.\u00a0<a href=\"https:\/\/www.clarin.com\/deportes\/intimidad-debut-lucas-silva-river-pueblo-movilizado-risas-memes-22-segundos-felices_0_fBPhB3Y8WI.html\" target=\"_blank\" class=\"feedzy-rss-link-icon\">Read More<\/a><\/p>","protected":false},"excerpt":{"rendered":"<p>El juvenil mediocampista de 19 a\u00f1os ingres\u00f3 sobre el final del triunfo 3-1 sobre Aldosivi&#8230;<\/p>\n","protected":false},"author":1,"featured_media":0,"comment_status":"open","ping_status":"open","sticky":false,"template":"","format":"standard","meta":{"footnotes":""},"categories":[6],"tags":[],"class_list":["post-61419","post","type-post","status-publish","format-standard","has-post-thumbnail","hentry","category-deportes"],"_links":{"self":[{"href":"https:\/\/masquenoticiastucuman.com.ar\/index.php?rest_route=\/wp\/v2\/posts\/61419","targetHints":{"allow":["GET"]}}],"collection":[{"href":"https:\/\/masquenoticiastucuman.com.ar\/index.php?rest_route=\/wp\/v2\/posts"}],"about":[{"href":"https:\/\/masquenoticiastucuman.com.ar\/index.php?rest_route=\/wp\/v2\/types\/post"}],"author":[{"embeddable":true,"href":"https:\/\/masquenoticiastucuman.com.ar\/index.php?rest_route=\/wp\/v2\/users\/1"}],"replies":[{"embeddable":true,"href":"https:\/\/masquenoticiastucuman.com.ar\/index.php?rest_route=%2Fwp%2Fv2%2Fcomments&post=61419"}],"version-history":[{"count":0,"href":"https:\/\/masquenoticiastucuman.com.ar\/index.php?rest_route=\/wp\/v2\/posts\/61419\/revisions"}],"wp:attachment":[{"href":"https:\/\/masquenoticiastucuman.com.ar\/index.php?rest_route=%2Fwp%2Fv2%2Fmedia&parent=61419"}],"wp:term":[{"taxonomy":"category","embeddable":true,"href":"https:\/\/masquenoticiastucuman.com.ar\/index.php?rest_route=%2Fwp%2Fv2%2Fcategories&post=61419"},{"taxonomy":"post_tag","embeddable":true,"href":"https:\/\/masquenoticiastucuman.com.ar\/index.php?rest_route=%2Fwp%2Fv2%2Ftags&post=61419"}],"curies":[{"name":"wp","href":"https:\/\/api.w.org\/{rel}","templated":true}]}}