{"id":61420,"date":"2026-04-27T04:10:41","date_gmt":"2026-04-27T07:10:41","guid":{"rendered":"http:\/\/masquenoticiastucuman.com.ar\/?p=61420"},"modified":"2026-04-27T04:10:41","modified_gmt":"2026-04-27T07:10:41","slug":"el-gobierno-redefinio-el-mecanismo-de-aumentos-del-servicio-de-agua","status":"publish","type":"post","link":"https:\/\/masquenoticiastucuman.com.ar\/?p=61420","title":{"rendered":"El Gobierno redefini\u00f3 el mecanismo de aumentos del servicio de agua"},"content":{"rendered":"<ul>\n<li>La medida qued\u00f3 formalizada a trav\u00e9s del Decreto de Necesidad y Urgencia 274\/2026, publicado en el Bolet\u00edn Oficial.<\/li>\n<li>La decisi\u00f3n, de aplicaci\u00f3n en el \u00e1rea concesionada a AySA, fija nuevos l\u00edmites mensuales a los ajustes.<\/li>\n<\/ul>\n<p>\u200bLa medida qued\u00f3 formalizada a trav\u00e9s del Decreto de Necesidad y Urgencia 274\/2026, publicado en el Bolet\u00edn Oficial.La decisi\u00f3n, de aplicaci\u00f3n en el \u00e1rea concesionada a AySA, fija nuevos l\u00edmites mensuales a los ajustes.\u00a0<a href=\"https:\/\/www.clarin.com\/economia\/gobierno-redefinio-mecanismo-aumentos-servicio-agua_0_J0S3Jl9pmC.html\" target=\"_blank\" class=\"feedzy-rss-link-icon\">Read More<\/a><\/p>","protected":false},"excerpt":{"rendered":"<p>La medida qued\u00f3 formalizada a trav\u00e9s del Decreto de Necesidad y Urgencia 274\/2026, publicado en&#8230;<\/p>\n","protected":false},"author":1,"featured_media":0,"comment_status":"open","ping_status":"open","sticky":false,"template":"","format":"standard","meta":{"footnotes":""},"categories":[3],"tags":[],"class_list":["post-61420","post","type-post","status-publish","format-standard","has-post-thumbnail","hentry","category-nacionales"],"_links":{"self":[{"href":"https:\/\/masquenoticiastucuman.com.ar\/index.php?rest_route=\/wp\/v2\/posts\/61420","targetHints":{"allow":["GET"]}}],"collection":[{"href":"https:\/\/masquenoticiastucuman.com.ar\/index.php?rest_route=\/wp\/v2\/posts"}],"about":[{"href":"https:\/\/masquenoticiastucuman.com.ar\/index.php?rest_route=\/wp\/v2\/types\/post"}],"author":[{"embeddable":true,"href":"https:\/\/masquenoticiastucuman.com.ar\/index.php?rest_route=\/wp\/v2\/users\/1"}],"replies":[{"embeddable":true,"href":"https:\/\/masquenoticiastucuman.com.ar\/index.php?rest_route=%2Fwp%2Fv2%2Fcomments&post=61420"}],"version-history":[{"count":0,"href":"https:\/\/masquenoticiastucuman.com.ar\/index.php?rest_route=\/wp\/v2\/posts\/61420\/revisions"}],"wp:attachment":[{"href":"https:\/\/masquenoticiastucuman.com.ar\/index.php?rest_route=%2Fwp%2Fv2%2Fmedia&parent=61420"}],"wp:term":[{"taxonomy":"category","embeddable":true,"href":"https:\/\/masquenoticiastucuman.com.ar\/index.php?rest_route=%2Fwp%2Fv2%2Fcategories&post=61420"},{"taxonomy":"post_tag","embeddable":true,"href":"https:\/\/masquenoticiastucuman.com.ar\/index.php?rest_route=%2Fwp%2Fv2%2Ftags&post=61420"}],"curies":[{"name":"wp","href":"https:\/\/api.w.org\/{rel}","templated":true}]}}