{"id":61422,"date":"2026-04-27T05:36:21","date_gmt":"2026-04-27T08:36:21","guid":{"rendered":"http:\/\/masquenoticiastucuman.com.ar\/?p=61422"},"modified":"2026-04-27T05:36:21","modified_gmt":"2026-04-27T08:36:21","slug":"no-estaba-preocupado-donald-trump-volvio-a-hablar-sobre-el-tiroteo-y-se-enojo-con-una-periodista","status":"publish","type":"post","link":"https:\/\/masquenoticiastucuman.com.ar\/?p=61422","title":{"rendered":"\u201cNo estaba preocupado\u201d: Donald Trump volvi\u00f3 a hablar sobre el tiroteo y se enoj\u00f3 con una periodista"},"content":{"rendered":"<ul>\n<li>El presidente de Estados Unidos fue evacuado junto a miembros de su Gabinete durante una cena de gala en Washington. <\/li>\n<li>\u201cVivimos en un mundo loco\u201d, expres\u00f3. <\/li>\n<li>En una entrevista televisiva, defendi\u00f3 la reacci\u00f3n de Melania Trump y volvi\u00f3 a cargar con dureza contra los medios de comunicaci\u00f3n.<\/li>\n<\/ul>\n<p>\u200bEl presidente de Estados Unidos fue evacuado junto a miembros de su Gabinete durante una cena de gala en Washington. \u201cVivimos en un mundo loco\u201d, expres\u00f3. En una entrevista televisiva, defendi\u00f3 la reacci\u00f3n de Melania Trump y volvi\u00f3 a cargar con dureza contra los medios de comunicaci\u00f3n.\u00a0<a href=\"https:\/\/www.clarin.com\/mundo\/preocupado-donald-trump-volvio-hablar-tiroteo-enojo-periodista_0_E6PtvbdZ7v.html\" target=\"_blank\" class=\"feedzy-rss-link-icon\">Read More<\/a><\/p>","protected":false},"excerpt":{"rendered":"<p>El presidente de Estados Unidos fue evacuado junto a miembros de su Gabinete durante una&#8230;<\/p>\n","protected":false},"author":1,"featured_media":61423,"comment_status":"open","ping_status":"open","sticky":false,"template":"","format":"standard","meta":{"footnotes":""},"categories":[4],"tags":[],"class_list":["post-61422","post","type-post","status-publish","format-standard","has-post-thumbnail","hentry","category-internacionales"],"_links":{"self":[{"href":"https:\/\/masquenoticiastucuman.com.ar\/index.php?rest_route=\/wp\/v2\/posts\/61422","targetHints":{"allow":["GET"]}}],"collection":[{"href":"https:\/\/masquenoticiastucuman.com.ar\/index.php?rest_route=\/wp\/v2\/posts"}],"about":[{"href":"https:\/\/masquenoticiastucuman.com.ar\/index.php?rest_route=\/wp\/v2\/types\/post"}],"author":[{"embeddable":true,"href":"https:\/\/masquenoticiastucuman.com.ar\/index.php?rest_route=\/wp\/v2\/users\/1"}],"replies":[{"embeddable":true,"href":"https:\/\/masquenoticiastucuman.com.ar\/index.php?rest_route=%2Fwp%2Fv2%2Fcomments&post=61422"}],"version-history":[{"count":0,"href":"https:\/\/masquenoticiastucuman.com.ar\/index.php?rest_route=\/wp\/v2\/posts\/61422\/revisions"}],"wp:featuredmedia":[{"embeddable":true,"href":"https:\/\/masquenoticiastucuman.com.ar\/index.php?rest_route=\/wp\/v2\/media\/61423"}],"wp:attachment":[{"href":"https:\/\/masquenoticiastucuman.com.ar\/index.php?rest_route=%2Fwp%2Fv2%2Fmedia&parent=61422"}],"wp:term":[{"taxonomy":"category","embeddable":true,"href":"https:\/\/masquenoticiastucuman.com.ar\/index.php?rest_route=%2Fwp%2Fv2%2Fcategories&post=61422"},{"taxonomy":"post_tag","embeddable":true,"href":"https:\/\/masquenoticiastucuman.com.ar\/index.php?rest_route=%2Fwp%2Fv2%2Ftags&post=61422"}],"curies":[{"name":"wp","href":"https:\/\/api.w.org\/{rel}","templated":true}]}}