{"id":61426,"date":"2026-04-27T07:36:33","date_gmt":"2026-04-27T10:36:33","guid":{"rendered":"https:\/\/masquenoticiastucuman.com.ar\/?p=61426"},"modified":"2026-04-27T07:36:33","modified_gmt":"2026-04-27T10:36:33","slug":"el-ministerio-de-seguridad-refuerza-los-controles-fronterizos-de-la-provincia","status":"publish","type":"post","link":"https:\/\/masquenoticiastucuman.com.ar\/?p=61426","title":{"rendered":"El Ministerio de Seguridad refuerza los controles fronterizos de la provincia"},"content":{"rendered":"\n<p>El ministro de Seguridad, Eugenio Ag\u00fcero Gamboa junto al secretario de Seguridad, Gustavo Vizcarra; el jefe y subjefe de Polic\u00eda, Joaqu\u00edn Girvau y Roque Y\u00f1igo, respectivamente; realizaron recorridos por los distintos puestos fronterizos<\/p>\n\n\n\n<p id=\"isPasted\">El ministro de Seguridad,&nbsp;<strong>Eugenio Ag\u00fcero Gamboa<\/strong>&nbsp;junto al secretario de Seguridad,&nbsp;<strong>Gustavo Vizcarra<\/strong>; el jefe y subjefe de Polic\u00eda,&nbsp;<strong>Joaqu\u00edn Girvau<\/strong>&nbsp;y&nbsp;<strong>Roque Y\u00f1igo<\/strong>, respectivamente; realizaron recorridos por los distintos puestos fronterizos intercambiando ideas con el personal policial para definir estrategias de trabajo efectivas en los diferentes controles que realizan en los accesos provinciales.<\/p>\n\n\n\n<p>Durante este trabajo, tambi\u00e9n contaron con la presencia del director general de Unidades Especiales, comisario general Fabio Ferreyra, cuya tarea es supervisar los controles que se efect\u00faan en todos los puestos lim\u00edtrofes tanto, del ingreso como el egreso de veh\u00edculos: sobre sus ocupantes y su carga.<\/p>\n\n\n\n<p>El prop\u00f3sito de estas acciones es fortalecer el di\u00e1logo con el personal que se desempe\u00f1a en estos l\u00edmites provinciales lo que permitir\u00e1 mejorar y efectivizar el trabajo para evitar la intrusi\u00f3n de personas o sustancias que al ingresar pongan en peligro a la comunidad de Tucum\u00e1n.<\/p>\n\n\n\n<p><strong>Recorridos en Benjam\u00edn Paz<\/strong><\/p>\n\n\n\n<p>En esa misma l\u00ednea de trabajo, el ministro visit\u00f3 las guardias externas del Complejo Benjam\u00edn Paz donde tom\u00f3 contacto con los servidores p\u00fablicos para evaluar los planes de acci\u00f3n y los recursos &nbsp;que se est\u00e1n implementando para preservar la seguridad no solo de la Instituci\u00f3n sino adem\u00e1s de quienes circulan y habitan en las inmediaciones<\/p>\n","protected":false},"excerpt":{"rendered":"<p>El ministro de Seguridad, Eugenio Ag\u00fcero Gamboa junto al secretario de Seguridad, Gustavo Vizcarra; el&#8230;<\/p>\n","protected":false},"author":2,"featured_media":61427,"comment_status":"open","ping_status":"open","sticky":false,"template":"","format":"standard","meta":{"footnotes":""},"categories":[2],"tags":[],"class_list":["post-61426","post","type-post","status-publish","format-standard","has-post-thumbnail","hentry","category-locales"],"_links":{"self":[{"href":"https:\/\/masquenoticiastucuman.com.ar\/index.php?rest_route=\/wp\/v2\/posts\/61426","targetHints":{"allow":["GET"]}}],"collection":[{"href":"https:\/\/masquenoticiastucuman.com.ar\/index.php?rest_route=\/wp\/v2\/posts"}],"about":[{"href":"https:\/\/masquenoticiastucuman.com.ar\/index.php?rest_route=\/wp\/v2\/types\/post"}],"author":[{"embeddable":true,"href":"https:\/\/masquenoticiastucuman.com.ar\/index.php?rest_route=\/wp\/v2\/users\/2"}],"replies":[{"embeddable":true,"href":"https:\/\/masquenoticiastucuman.com.ar\/index.php?rest_route=%2Fwp%2Fv2%2Fcomments&post=61426"}],"version-history":[{"count":1,"href":"https:\/\/masquenoticiastucuman.com.ar\/index.php?rest_route=\/wp\/v2\/posts\/61426\/revisions"}],"predecessor-version":[{"id":61428,"href":"https:\/\/masquenoticiastucuman.com.ar\/index.php?rest_route=\/wp\/v2\/posts\/61426\/revisions\/61428"}],"wp:featuredmedia":[{"embeddable":true,"href":"https:\/\/masquenoticiastucuman.com.ar\/index.php?rest_route=\/wp\/v2\/media\/61427"}],"wp:attachment":[{"href":"https:\/\/masquenoticiastucuman.com.ar\/index.php?rest_route=%2Fwp%2Fv2%2Fmedia&parent=61426"}],"wp:term":[{"taxonomy":"category","embeddable":true,"href":"https:\/\/masquenoticiastucuman.com.ar\/index.php?rest_route=%2Fwp%2Fv2%2Fcategories&post=61426"},{"taxonomy":"post_tag","embeddable":true,"href":"https:\/\/masquenoticiastucuman.com.ar\/index.php?rest_route=%2Fwp%2Fv2%2Ftags&post=61426"}],"curies":[{"name":"wp","href":"https:\/\/api.w.org\/{rel}","templated":true}]}}