{"id":61430,"date":"2026-04-27T06:01:23","date_gmt":"2026-04-27T09:01:23","guid":{"rendered":"http:\/\/masquenoticiastucuman.com.ar\/?p=61430"},"modified":"2026-04-27T06:01:23","modified_gmt":"2026-04-27T09:01:23","slug":"en-medio-de-su-exitoso-regreso-a-la-tv-mario-pergolini-se-entusiasma-con-competir-en-boca-le-disputa-la-presidencia-a-riquelme-en-2027","status":"publish","type":"post","link":"https:\/\/masquenoticiastucuman.com.ar\/?p=61430","title":{"rendered":"En medio de su exitoso regreso a la TV, Mario Pergolini se entusiasma con competir en Boca: \u00bfle disputa la presidencia a Riquelme en 2027?"},"content":{"rendered":"<ul>\n<li>El conductor, que se baj\u00f3 de la gesti\u00f3n de Rom\u00e1n porque no le daban lugar, &#8220;tiene ganas de volver a jugar&#8221;.<\/li>\n<li>Qu\u00e9 papel jugar\u00e1n en la interna Macri, Angelici y el presidente Milei.<\/li>\n<\/ul>\n<p>\u200bEl conductor, que se baj\u00f3 de la gesti\u00f3n de Rom\u00e1n porque no le daban lugar, &#8220;tiene ganas de volver a jugar&#8221;.Qu\u00e9 papel jugar\u00e1n en la interna Macri, Angelici y el presidente Milei.\u00a0<a href=\"https:\/\/www.clarin.com\/deportes\/medio-exitoso-regreso-tv-mario-pergolini-entusiasma-competir-boca-disputa-presidencia-riquelme-2027_0_PCH3OejWvC.html\" target=\"_blank\" class=\"feedzy-rss-link-icon\">Read More<\/a><\/p>","protected":false},"excerpt":{"rendered":"<p>El conductor, que se baj\u00f3 de la gesti\u00f3n de Rom\u00e1n porque no le daban lugar,&#8230;<\/p>\n","protected":false},"author":1,"featured_media":0,"comment_status":"open","ping_status":"open","sticky":false,"template":"","format":"standard","meta":{"footnotes":""},"categories":[6],"tags":[],"class_list":["post-61430","post","type-post","status-publish","format-standard","has-post-thumbnail","hentry","category-deportes"],"_links":{"self":[{"href":"https:\/\/masquenoticiastucuman.com.ar\/index.php?rest_route=\/wp\/v2\/posts\/61430","targetHints":{"allow":["GET"]}}],"collection":[{"href":"https:\/\/masquenoticiastucuman.com.ar\/index.php?rest_route=\/wp\/v2\/posts"}],"about":[{"href":"https:\/\/masquenoticiastucuman.com.ar\/index.php?rest_route=\/wp\/v2\/types\/post"}],"author":[{"embeddable":true,"href":"https:\/\/masquenoticiastucuman.com.ar\/index.php?rest_route=\/wp\/v2\/users\/1"}],"replies":[{"embeddable":true,"href":"https:\/\/masquenoticiastucuman.com.ar\/index.php?rest_route=%2Fwp%2Fv2%2Fcomments&post=61430"}],"version-history":[{"count":0,"href":"https:\/\/masquenoticiastucuman.com.ar\/index.php?rest_route=\/wp\/v2\/posts\/61430\/revisions"}],"wp:attachment":[{"href":"https:\/\/masquenoticiastucuman.com.ar\/index.php?rest_route=%2Fwp%2Fv2%2Fmedia&parent=61430"}],"wp:term":[{"taxonomy":"category","embeddable":true,"href":"https:\/\/masquenoticiastucuman.com.ar\/index.php?rest_route=%2Fwp%2Fv2%2Fcategories&post=61430"},{"taxonomy":"post_tag","embeddable":true,"href":"https:\/\/masquenoticiastucuman.com.ar\/index.php?rest_route=%2Fwp%2Fv2%2Ftags&post=61430"}],"curies":[{"name":"wp","href":"https:\/\/api.w.org\/{rel}","templated":true}]}}