{"id":61431,"date":"2026-04-27T06:01:22","date_gmt":"2026-04-27T09:01:22","guid":{"rendered":"http:\/\/masquenoticiastucuman.com.ar\/?p=61431"},"modified":"2026-04-27T06:01:22","modified_gmt":"2026-04-27T09:01:22","slug":"suecia-1958-el-misterioso-motivo-que-dejo-a-los-carasucias-de-lima-sin-mundial","status":"publish","type":"post","link":"https:\/\/masquenoticiastucuman.com.ar\/?p=61431","title":{"rendered":"Suecia 1958: el misterioso motivo que dej\u00f3 a los Carasucias de Lima sin Mundial"},"content":{"rendered":"<ul>\n<li>Maschio, S\u00edvori y Angelillo quedaron afuera en medio de dudas, reglas y decisiones dirigenciales.<\/li>\n<li>Una ausencia que pes\u00f3 en un papel\u00f3n hist\u00f3rico y que marc\u00f3 un quiebre.<\/li>\n<\/ul>\n<p>\u200bMaschio, S\u00edvori y Angelillo quedaron afuera en medio de dudas, reglas y decisiones dirigenciales.Una ausencia que pes\u00f3 en un papel\u00f3n hist\u00f3rico y que marc\u00f3 un quiebre.\u00a0<a href=\"https:\/\/www.clarin.com\/deportes\/suecia-1958-misterioso-motivo-dejo-carasucias-lima-mundial_0_829fQsJR0k.html\" target=\"_blank\" class=\"feedzy-rss-link-icon\">Read More<\/a><\/p>","protected":false},"excerpt":{"rendered":"<p>Maschio, S\u00edvori y Angelillo quedaron afuera en medio de dudas, reglas y decisiones dirigenciales. Una&#8230;<\/p>\n","protected":false},"author":1,"featured_media":0,"comment_status":"open","ping_status":"open","sticky":false,"template":"","format":"standard","meta":{"footnotes":""},"categories":[6],"tags":[],"class_list":["post-61431","post","type-post","status-publish","format-standard","has-post-thumbnail","hentry","category-deportes"],"_links":{"self":[{"href":"https:\/\/masquenoticiastucuman.com.ar\/index.php?rest_route=\/wp\/v2\/posts\/61431","targetHints":{"allow":["GET"]}}],"collection":[{"href":"https:\/\/masquenoticiastucuman.com.ar\/index.php?rest_route=\/wp\/v2\/posts"}],"about":[{"href":"https:\/\/masquenoticiastucuman.com.ar\/index.php?rest_route=\/wp\/v2\/types\/post"}],"author":[{"embeddable":true,"href":"https:\/\/masquenoticiastucuman.com.ar\/index.php?rest_route=\/wp\/v2\/users\/1"}],"replies":[{"embeddable":true,"href":"https:\/\/masquenoticiastucuman.com.ar\/index.php?rest_route=%2Fwp%2Fv2%2Fcomments&post=61431"}],"version-history":[{"count":0,"href":"https:\/\/masquenoticiastucuman.com.ar\/index.php?rest_route=\/wp\/v2\/posts\/61431\/revisions"}],"wp:attachment":[{"href":"https:\/\/masquenoticiastucuman.com.ar\/index.php?rest_route=%2Fwp%2Fv2%2Fmedia&parent=61431"}],"wp:term":[{"taxonomy":"category","embeddable":true,"href":"https:\/\/masquenoticiastucuman.com.ar\/index.php?rest_route=%2Fwp%2Fv2%2Fcategories&post=61431"},{"taxonomy":"post_tag","embeddable":true,"href":"https:\/\/masquenoticiastucuman.com.ar\/index.php?rest_route=%2Fwp%2Fv2%2Ftags&post=61431"}],"curies":[{"name":"wp","href":"https:\/\/api.w.org\/{rel}","templated":true}]}}