{"id":61432,"date":"2026-04-27T08:49:51","date_gmt":"2026-04-27T11:49:51","guid":{"rendered":"https:\/\/masquenoticiastucuman.com.ar\/?p=61432"},"modified":"2026-04-27T08:49:52","modified_gmt":"2026-04-27T11:49:52","slug":"paro-bancario-como-funcionaran-los-bancos-este-lunes-27-de-abril","status":"publish","type":"post","link":"https:\/\/masquenoticiastucuman.com.ar\/?p=61432","title":{"rendered":"Paro bancario: c\u00f3mo funcionar\u00e1n los bancos este lunes 27 de abril"},"content":{"rendered":"\n<p>El conflicto surge tras el anuncio oficial de cerrar 12 de estas dependencias, lo que pone en riesgo directo unos 32 puestos de trabajo<\/p>\n\n\n\n<p>La\u00a0<strong>Asociaci\u00f3n Bancaria<\/strong>\u00a0ratific\u00f3 un paro bancario nacional de 24 horas para este\u00a0<strong>lunes 27 de abril<\/strong>, una medida de fuerza que afectar\u00e1 exclusivamente a los\u00a0<strong>tesoros regionales<\/strong>\u00a0del Banco Central de la Rep\u00fablica Argentina (BCRA) en todo el pa\u00eds.<\/p>\n\n\n\n<p>El conflicto surge tras el anuncio oficial de cerrar 12 de estas dependencias, lo que pone en riesgo directo unos 32 puestos de trabajo.<\/p>\n\n\n\n<p>Aunque las sucursales bancarias abrir\u00e1n sus puertas en el horario habitual, la protesta en los 21 centros donde se concentra la log\u00edstica del efectivo podr\u00eda generar complicaciones en la disponibilidad de billetes.<\/p>\n\n\n\n<p>Desde el sindicato liderado por Sergio Palazzo advirtieron que esta es solo la primera etapa del plan de lucha. \u201cDe no obtener respuestas satisfactorias , se profundizar\u00e1<\/p>\n\n\n\n<p>&#8220;De no obtener respuestas satisfactorias, se profundizar\u00e1 el plan de acci\u00f3n con medidas de fuerza en todas las entidades oficiales y privadas que alberguen estos tesoros regionales&#8221;, adelantaron a trav\u00e9s de un comunicado.<\/p>\n\n\n\n<p>La exigencia gremial se centra en la estabilidad laboral y el rechazo rotundo al desmantelamiento de los nodos log\u00edsticos del Banco Central.<\/p>\n\n\n\n<p><strong>C\u00f3mo impactar\u00e1 el paro bancario nacional de este lunes<\/strong><\/p>\n\n\n\n<p>Al interrumpirse el traslado y abastecimiento de dinero desde el ente rector hacia las entidades comerciales, el sistema financiero podr\u00eda enfrentar cuellos de botella.<\/p>\n\n\n\n<p><strong>Atenci\u00f3n al p\u00fablico:<\/strong>&nbsp;Ser\u00e1 normal en las cajas y plataformas comerciales.<\/p>\n\n\n\n<p><strong>Cajeros autom\u00e1ticos:<\/strong>&nbsp;Podr\u00edan registrarse faltantes de efectivo, ya que no habr\u00e1 reposici\u00f3n en las \u00e1reas afectadas por la medida de fuerza.<\/p>\n\n\n\n<p><strong>Operaciones digitales:&nbsp;<\/strong>El Home Banking, las transferencias y las billeteras virtuales funcionar\u00e1n sin inconvenientes.<\/p>\n\n\n\n<p><strong>Recomendaciones para los usuarios<\/strong><\/p>\n\n\n\n<p><strong>Ante la posibilidad de una menor disponibilidad de billetes por ventanilla o cajero, se sugiere a los clientes:<\/strong><\/p>\n\n\n\n<p><strong>Priorizar medios electr\u00f3nicos: Utilizar tarjetas de d\u00e9bito, cr\u00e9dito o pagos con QR para las compras diarias.<\/strong><\/p>\n\n\n\n<p><strong>Retiro en comercios:<\/strong>&nbsp;Acudir a puntos de extracci\u00f3n alternativos (supermercados, farmacias o estaciones de servicio) que permiten retirar efectivo con la compra m\u00ednima, presentando DNI.<\/p>\n\n\n\n<p><strong>Adelantar gestiones:&nbsp;<\/strong>En la medida de lo posible, realizar extracciones de dinero antes del inicio de la jornada del lunes para evitar demoras.<\/p>\n","protected":false},"excerpt":{"rendered":"<p>El conflicto surge tras el anuncio oficial de cerrar 12 de estas dependencias, lo que&#8230;<\/p>\n","protected":false},"author":2,"featured_media":61433,"comment_status":"open","ping_status":"open","sticky":false,"template":"","format":"standard","meta":{"footnotes":""},"categories":[2],"tags":[],"class_list":["post-61432","post","type-post","status-publish","format-standard","has-post-thumbnail","hentry","category-locales"],"_links":{"self":[{"href":"https:\/\/masquenoticiastucuman.com.ar\/index.php?rest_route=\/wp\/v2\/posts\/61432","targetHints":{"allow":["GET"]}}],"collection":[{"href":"https:\/\/masquenoticiastucuman.com.ar\/index.php?rest_route=\/wp\/v2\/posts"}],"about":[{"href":"https:\/\/masquenoticiastucuman.com.ar\/index.php?rest_route=\/wp\/v2\/types\/post"}],"author":[{"embeddable":true,"href":"https:\/\/masquenoticiastucuman.com.ar\/index.php?rest_route=\/wp\/v2\/users\/2"}],"replies":[{"embeddable":true,"href":"https:\/\/masquenoticiastucuman.com.ar\/index.php?rest_route=%2Fwp%2Fv2%2Fcomments&post=61432"}],"version-history":[{"count":1,"href":"https:\/\/masquenoticiastucuman.com.ar\/index.php?rest_route=\/wp\/v2\/posts\/61432\/revisions"}],"predecessor-version":[{"id":61434,"href":"https:\/\/masquenoticiastucuman.com.ar\/index.php?rest_route=\/wp\/v2\/posts\/61432\/revisions\/61434"}],"wp:featuredmedia":[{"embeddable":true,"href":"https:\/\/masquenoticiastucuman.com.ar\/index.php?rest_route=\/wp\/v2\/media\/61433"}],"wp:attachment":[{"href":"https:\/\/masquenoticiastucuman.com.ar\/index.php?rest_route=%2Fwp%2Fv2%2Fmedia&parent=61432"}],"wp:term":[{"taxonomy":"category","embeddable":true,"href":"https:\/\/masquenoticiastucuman.com.ar\/index.php?rest_route=%2Fwp%2Fv2%2Fcategories&post=61432"},{"taxonomy":"post_tag","embeddable":true,"href":"https:\/\/masquenoticiastucuman.com.ar\/index.php?rest_route=%2Fwp%2Fv2%2Ftags&post=61432"}],"curies":[{"name":"wp","href":"https:\/\/api.w.org\/{rel}","templated":true}]}}