{"id":61438,"date":"2026-04-27T07:54:45","date_gmt":"2026-04-27T10:54:45","guid":{"rendered":"http:\/\/masquenoticiastucuman.com.ar\/?p=61438"},"modified":"2026-04-27T07:54:45","modified_gmt":"2026-04-27T10:54:45","slug":"hezbollah-anuncio-que-no-acatara-las-negociaciones-entre-israel-y-el-libano-no-renunciaremos-a-nuestrar-armas","status":"publish","type":"post","link":"https:\/\/masquenoticiastucuman.com.ar\/?p=61438","title":{"rendered":"Hezbollah anunci\u00f3 que no acatar\u00e1 las negociaciones entre Israel y el L\u00edbano: &#8220;No renunciaremos a nuestrar armas&#8221;"},"content":{"rendered":"<ul>\n<li>El l\u00edder del grupo chi\u00ed liban\u00e9s Hezbollah, Naim Qassem, afirm\u00f3 este lunes que no respetar\u00e1n un eventual acuerdo entre ambos pa\u00edses.<\/li>\n<li>Consider\u00f3 que el di\u00e1logo con Israel supone una &#8220;concesi\u00f3n gratuita, humillante e innecesaria&#8221;.<\/li>\n<\/ul>\n<p>\u200bEl l\u00edder del grupo chi\u00ed liban\u00e9s Hezbollah, Naim Qassem, afirm\u00f3 este lunes que no respetar\u00e1n un eventual acuerdo entre ambos pa\u00edses.Consider\u00f3 que el di\u00e1logo con Israel supone una &#8220;concesi\u00f3n gratuita, humillante e innecesaria&#8221;.\u00a0<a href=\"https:\/\/www.clarin.com\/mundo\/hezbollah-anuncio-acatara-negociaciones-israel-libano-renunciaremos-nuestrar-armas_0_fzLjTQbPnF.html\" target=\"_blank\" class=\"feedzy-rss-link-icon\">Read More<\/a><\/p>","protected":false},"excerpt":{"rendered":"<p>El l\u00edder del grupo chi\u00ed liban\u00e9s Hezbollah, Naim Qassem, afirm\u00f3 este lunes que no respetar\u00e1n&#8230;<\/p>\n","protected":false},"author":1,"featured_media":61439,"comment_status":"open","ping_status":"open","sticky":false,"template":"","format":"standard","meta":{"footnotes":""},"categories":[4],"tags":[],"class_list":["post-61438","post","type-post","status-publish","format-standard","has-post-thumbnail","hentry","category-internacionales"],"_links":{"self":[{"href":"https:\/\/masquenoticiastucuman.com.ar\/index.php?rest_route=\/wp\/v2\/posts\/61438","targetHints":{"allow":["GET"]}}],"collection":[{"href":"https:\/\/masquenoticiastucuman.com.ar\/index.php?rest_route=\/wp\/v2\/posts"}],"about":[{"href":"https:\/\/masquenoticiastucuman.com.ar\/index.php?rest_route=\/wp\/v2\/types\/post"}],"author":[{"embeddable":true,"href":"https:\/\/masquenoticiastucuman.com.ar\/index.php?rest_route=\/wp\/v2\/users\/1"}],"replies":[{"embeddable":true,"href":"https:\/\/masquenoticiastucuman.com.ar\/index.php?rest_route=%2Fwp%2Fv2%2Fcomments&post=61438"}],"version-history":[{"count":0,"href":"https:\/\/masquenoticiastucuman.com.ar\/index.php?rest_route=\/wp\/v2\/posts\/61438\/revisions"}],"wp:featuredmedia":[{"embeddable":true,"href":"https:\/\/masquenoticiastucuman.com.ar\/index.php?rest_route=\/wp\/v2\/media\/61439"}],"wp:attachment":[{"href":"https:\/\/masquenoticiastucuman.com.ar\/index.php?rest_route=%2Fwp%2Fv2%2Fmedia&parent=61438"}],"wp:term":[{"taxonomy":"category","embeddable":true,"href":"https:\/\/masquenoticiastucuman.com.ar\/index.php?rest_route=%2Fwp%2Fv2%2Fcategories&post=61438"},{"taxonomy":"post_tag","embeddable":true,"href":"https:\/\/masquenoticiastucuman.com.ar\/index.php?rest_route=%2Fwp%2Fv2%2Ftags&post=61438"}],"curies":[{"name":"wp","href":"https:\/\/api.w.org\/{rel}","templated":true}]}}