{"id":61440,"date":"2026-04-27T07:39:24","date_gmt":"2026-04-27T10:39:24","guid":{"rendered":"http:\/\/masquenoticiastucuman.com.ar\/?p=61440"},"modified":"2026-04-27T07:39:24","modified_gmt":"2026-04-27T10:39:24","slug":"guerra-entre-estados-unidos-israel-e-iran-en-vivo-teheran-le-ofrece-a-trump-reabrir-el-estrecho-de-ormuz-si-ee-uu-levanta-el-bloqueo","status":"publish","type":"post","link":"https:\/\/masquenoticiastucuman.com.ar\/?p=61440","title":{"rendered":"Guerra entre Estados Unidos, Israel e Ir\u00e1n, EN VIVO: Teher\u00e1n le ofrece a Trump reabrir el estrecho de Ormuz si EE.UU. levanta el bloqueo"},"content":{"rendered":"<ul>\n<li>La propuesta fue transmitida a trav\u00e9s de Pakist\u00e1n, pero no incluye avances en la agenda nuclear.<\/li>\n<li>Hezbollah anunci\u00f3 que no respetar\u00e1 las negociaciones entre Israel y el L\u00edbano.<\/li>\n<li>El petr\u00f3leo arranca la semana en alza.<\/li>\n<\/ul>\n<p>\u200bLa propuesta fue transmitida a trav\u00e9s de Pakist\u00e1n, pero no incluye avances en la agenda nuclear.Hezbollah anunci\u00f3 que no respetar\u00e1 las negociaciones entre Israel y el L\u00edbano.El petr\u00f3leo arranca la semana en alza.\u00a0<a href=\"https:\/\/www.clarin.com\/mundo\/guerra-estados-unidos-israel-iran-vivo-teheran-ofrece-trump-reabrir-estrecho-ormuz-eeuu-levanta-bloqueo_0_21vMJw1uMS.html\" target=\"_blank\" class=\"feedzy-rss-link-icon\">Read More<\/a><\/p>","protected":false},"excerpt":{"rendered":"<p>La propuesta fue transmitida a trav\u00e9s de Pakist\u00e1n, pero no incluye avances en la agenda&#8230;<\/p>\n","protected":false},"author":1,"featured_media":61441,"comment_status":"open","ping_status":"open","sticky":false,"template":"","format":"standard","meta":{"footnotes":""},"categories":[4],"tags":[],"class_list":["post-61440","post","type-post","status-publish","format-standard","has-post-thumbnail","hentry","category-internacionales"],"_links":{"self":[{"href":"https:\/\/masquenoticiastucuman.com.ar\/index.php?rest_route=\/wp\/v2\/posts\/61440","targetHints":{"allow":["GET"]}}],"collection":[{"href":"https:\/\/masquenoticiastucuman.com.ar\/index.php?rest_route=\/wp\/v2\/posts"}],"about":[{"href":"https:\/\/masquenoticiastucuman.com.ar\/index.php?rest_route=\/wp\/v2\/types\/post"}],"author":[{"embeddable":true,"href":"https:\/\/masquenoticiastucuman.com.ar\/index.php?rest_route=\/wp\/v2\/users\/1"}],"replies":[{"embeddable":true,"href":"https:\/\/masquenoticiastucuman.com.ar\/index.php?rest_route=%2Fwp%2Fv2%2Fcomments&post=61440"}],"version-history":[{"count":0,"href":"https:\/\/masquenoticiastucuman.com.ar\/index.php?rest_route=\/wp\/v2\/posts\/61440\/revisions"}],"wp:featuredmedia":[{"embeddable":true,"href":"https:\/\/masquenoticiastucuman.com.ar\/index.php?rest_route=\/wp\/v2\/media\/61441"}],"wp:attachment":[{"href":"https:\/\/masquenoticiastucuman.com.ar\/index.php?rest_route=%2Fwp%2Fv2%2Fmedia&parent=61440"}],"wp:term":[{"taxonomy":"category","embeddable":true,"href":"https:\/\/masquenoticiastucuman.com.ar\/index.php?rest_route=%2Fwp%2Fv2%2Fcategories&post=61440"},{"taxonomy":"post_tag","embeddable":true,"href":"https:\/\/masquenoticiastucuman.com.ar\/index.php?rest_route=%2Fwp%2Fv2%2Ftags&post=61440"}],"curies":[{"name":"wp","href":"https:\/\/api.w.org\/{rel}","templated":true}]}}