{"id":61442,"date":"2026-04-27T10:29:50","date_gmt":"2026-04-27T13:29:50","guid":{"rendered":"http:\/\/masquenoticiastucuman.com.ar\/?p=61442"},"modified":"2026-04-27T10:29:50","modified_gmt":"2026-04-27T13:29:50","slug":"jubilaciones-por-el-congelamiento-del-bono-el-poder-de-compra-de-los-haberes-cayo-127-en-los-ultimos-dos-anos","status":"publish","type":"post","link":"https:\/\/masquenoticiastucuman.com.ar\/?p=61442","title":{"rendered":"Jubilaciones: por el congelamiento del bono, el poder de compra de los haberes cay\u00f3 12,7% en los \u00faltimos dos a\u00f1os"},"content":{"rendered":"<ul>\n<li>El refuerzo jubilatorio se mantuvo desde marzo de 2024 en los $70.000, sin actualizaci\u00f3n. <\/li>\n<li>En diciembre de 2023 el bono representaba el 52% de la jubilaci\u00f3n m\u00ednima y ahora equivale al 19%.<\/li>\n<\/ul>\n<p>\u200bEl refuerzo jubilatorio se mantuvo desde marzo de 2024 en los $70.000, sin actualizaci\u00f3n. En diciembre de 2023 el bono representaba el 52% de la jubilaci\u00f3n m\u00ednima y ahora equivale al 19%.\u00a0<a href=\"https:\/\/www.clarin.com\/economia\/jubilaciones-congelamiento-bono-poder-compra-haberes-cayo-127-ultimos-anos_0_yqziSXtVMF.html\" target=\"_blank\" class=\"feedzy-rss-link-icon\">Read More<\/a><\/p>","protected":false},"excerpt":{"rendered":"<p>El refuerzo jubilatorio se mantuvo desde marzo de 2024 en los $70.000, sin actualizaci\u00f3n. En&#8230;<\/p>\n","protected":false},"author":1,"featured_media":0,"comment_status":"open","ping_status":"open","sticky":false,"template":"","format":"standard","meta":{"footnotes":""},"categories":[3],"tags":[],"class_list":["post-61442","post","type-post","status-publish","format-standard","has-post-thumbnail","hentry","category-nacionales"],"_links":{"self":[{"href":"https:\/\/masquenoticiastucuman.com.ar\/index.php?rest_route=\/wp\/v2\/posts\/61442","targetHints":{"allow":["GET"]}}],"collection":[{"href":"https:\/\/masquenoticiastucuman.com.ar\/index.php?rest_route=\/wp\/v2\/posts"}],"about":[{"href":"https:\/\/masquenoticiastucuman.com.ar\/index.php?rest_route=\/wp\/v2\/types\/post"}],"author":[{"embeddable":true,"href":"https:\/\/masquenoticiastucuman.com.ar\/index.php?rest_route=\/wp\/v2\/users\/1"}],"replies":[{"embeddable":true,"href":"https:\/\/masquenoticiastucuman.com.ar\/index.php?rest_route=%2Fwp%2Fv2%2Fcomments&post=61442"}],"version-history":[{"count":0,"href":"https:\/\/masquenoticiastucuman.com.ar\/index.php?rest_route=\/wp\/v2\/posts\/61442\/revisions"}],"wp:attachment":[{"href":"https:\/\/masquenoticiastucuman.com.ar\/index.php?rest_route=%2Fwp%2Fv2%2Fmedia&parent=61442"}],"wp:term":[{"taxonomy":"category","embeddable":true,"href":"https:\/\/masquenoticiastucuman.com.ar\/index.php?rest_route=%2Fwp%2Fv2%2Fcategories&post=61442"},{"taxonomy":"post_tag","embeddable":true,"href":"https:\/\/masquenoticiastucuman.com.ar\/index.php?rest_route=%2Fwp%2Fv2%2Ftags&post=61442"}],"curies":[{"name":"wp","href":"https:\/\/api.w.org\/{rel}","templated":true}]}}