{"id":61444,"date":"2026-04-27T09:50:45","date_gmt":"2026-04-27T12:50:45","guid":{"rendered":"http:\/\/masquenoticiastucuman.com.ar\/?p=61444"},"modified":"2026-04-27T09:50:45","modified_gmt":"2026-04-27T12:50:45","slug":"guerra-en-medio-oriente-el-canciller-irani-se-reune-con-putin-y-acusa-a-trump-del-colapso-de-las-negociaciones","status":"publish","type":"post","link":"https:\/\/masquenoticiastucuman.com.ar\/?p=61444","title":{"rendered":"Guerra en Medio Oriente: el canciller iran\u00ed se re\u00fane con Putin y acusa a Trump del colapso de las negociaciones"},"content":{"rendered":"<ul>\n<li>Abbas Araqchi lleg\u00f3 este lunes a San Petersburgo.<\/li>\n<li>Aleg\u00f3 que la delegaci\u00f3n estadounidenses present\u00f3 &#8220;exigencias excesivas&#8221;.<\/li>\n<\/ul>\n<p>\u200bAbbas Araqchi lleg\u00f3 este lunes a San Petersburgo.Aleg\u00f3 que la delegaci\u00f3n estadounidenses present\u00f3 &#8220;exigencias excesivas&#8221;.\u00a0<a href=\"https:\/\/www.clarin.com\/mundo\/guerra-medio-oriente-canciller-irani-reune-putin-acusa-trump-colapso-negociaciones_0_WsVREaIGt8.html\" target=\"_blank\" class=\"feedzy-rss-link-icon\">Read More<\/a><\/p>","protected":false},"excerpt":{"rendered":"<p>Abbas Araqchi lleg\u00f3 este lunes a San Petersburgo. Aleg\u00f3 que la delegaci\u00f3n estadounidenses present\u00f3 &#8220;exigencias&#8230;<\/p>\n","protected":false},"author":1,"featured_media":61445,"comment_status":"open","ping_status":"open","sticky":false,"template":"","format":"standard","meta":{"footnotes":""},"categories":[4],"tags":[],"class_list":["post-61444","post","type-post","status-publish","format-standard","has-post-thumbnail","hentry","category-internacionales"],"_links":{"self":[{"href":"https:\/\/masquenoticiastucuman.com.ar\/index.php?rest_route=\/wp\/v2\/posts\/61444","targetHints":{"allow":["GET"]}}],"collection":[{"href":"https:\/\/masquenoticiastucuman.com.ar\/index.php?rest_route=\/wp\/v2\/posts"}],"about":[{"href":"https:\/\/masquenoticiastucuman.com.ar\/index.php?rest_route=\/wp\/v2\/types\/post"}],"author":[{"embeddable":true,"href":"https:\/\/masquenoticiastucuman.com.ar\/index.php?rest_route=\/wp\/v2\/users\/1"}],"replies":[{"embeddable":true,"href":"https:\/\/masquenoticiastucuman.com.ar\/index.php?rest_route=%2Fwp%2Fv2%2Fcomments&post=61444"}],"version-history":[{"count":0,"href":"https:\/\/masquenoticiastucuman.com.ar\/index.php?rest_route=\/wp\/v2\/posts\/61444\/revisions"}],"wp:featuredmedia":[{"embeddable":true,"href":"https:\/\/masquenoticiastucuman.com.ar\/index.php?rest_route=\/wp\/v2\/media\/61445"}],"wp:attachment":[{"href":"https:\/\/masquenoticiastucuman.com.ar\/index.php?rest_route=%2Fwp%2Fv2%2Fmedia&parent=61444"}],"wp:term":[{"taxonomy":"category","embeddable":true,"href":"https:\/\/masquenoticiastucuman.com.ar\/index.php?rest_route=%2Fwp%2Fv2%2Fcategories&post=61444"},{"taxonomy":"post_tag","embeddable":true,"href":"https:\/\/masquenoticiastucuman.com.ar\/index.php?rest_route=%2Fwp%2Fv2%2Ftags&post=61444"}],"curies":[{"name":"wp","href":"https:\/\/api.w.org\/{rel}","templated":true}]}}