{"id":61446,"date":"2026-04-27T09:09:13","date_gmt":"2026-04-27T12:09:13","guid":{"rendered":"http:\/\/masquenoticiastucuman.com.ar\/?p=61446"},"modified":"2026-04-27T09:09:13","modified_gmt":"2026-04-27T12:09:13","slug":"cita-historica-el-papa-reza-con-la-primera-mujer-arzobispo-de-canterbury","status":"publish","type":"post","link":"https:\/\/masquenoticiastucuman.com.ar\/?p=61446","title":{"rendered":"Cita hist\u00f3rica: el Papa reza con la primera mujer arzobispo de Canterbury"},"content":{"rendered":"<ul>\n<li>Sarah Mullally es la primera mujer en alcanzar el primado de la Iglesia anglicana en sus casi cinco siglos de historia.<\/li>\n<li>Fue recibida en privado por Le\u00f3n XIV, en el marco de una peregrinaci\u00f3n de cuatro d\u00edas en Roma.<\/li>\n<\/ul>\n<p>\u200bSarah Mullally es la primera mujer en alcanzar el primado de la Iglesia anglicana en sus casi cinco siglos de historia.Fue recibida en privado por Le\u00f3n XIV, en el marco de una peregrinaci\u00f3n de cuatro d\u00edas en Roma.\u00a0<a href=\"https:\/\/www.clarin.com\/mundo\/cita-historica-papa-reza-primera-mujer-arzobispo-canterbury_0_eNRWkHx6Xm.html\" target=\"_blank\" class=\"feedzy-rss-link-icon\">Read More<\/a><\/p>","protected":false},"excerpt":{"rendered":"<p>Sarah Mullally es la primera mujer en alcanzar el primado de la Iglesia anglicana en&#8230;<\/p>\n","protected":false},"author":1,"featured_media":61447,"comment_status":"open","ping_status":"open","sticky":false,"template":"","format":"standard","meta":{"footnotes":""},"categories":[4],"tags":[],"class_list":["post-61446","post","type-post","status-publish","format-standard","has-post-thumbnail","hentry","category-internacionales"],"_links":{"self":[{"href":"https:\/\/masquenoticiastucuman.com.ar\/index.php?rest_route=\/wp\/v2\/posts\/61446","targetHints":{"allow":["GET"]}}],"collection":[{"href":"https:\/\/masquenoticiastucuman.com.ar\/index.php?rest_route=\/wp\/v2\/posts"}],"about":[{"href":"https:\/\/masquenoticiastucuman.com.ar\/index.php?rest_route=\/wp\/v2\/types\/post"}],"author":[{"embeddable":true,"href":"https:\/\/masquenoticiastucuman.com.ar\/index.php?rest_route=\/wp\/v2\/users\/1"}],"replies":[{"embeddable":true,"href":"https:\/\/masquenoticiastucuman.com.ar\/index.php?rest_route=%2Fwp%2Fv2%2Fcomments&post=61446"}],"version-history":[{"count":0,"href":"https:\/\/masquenoticiastucuman.com.ar\/index.php?rest_route=\/wp\/v2\/posts\/61446\/revisions"}],"wp:featuredmedia":[{"embeddable":true,"href":"https:\/\/masquenoticiastucuman.com.ar\/index.php?rest_route=\/wp\/v2\/media\/61447"}],"wp:attachment":[{"href":"https:\/\/masquenoticiastucuman.com.ar\/index.php?rest_route=%2Fwp%2Fv2%2Fmedia&parent=61446"}],"wp:term":[{"taxonomy":"category","embeddable":true,"href":"https:\/\/masquenoticiastucuman.com.ar\/index.php?rest_route=%2Fwp%2Fv2%2Fcategories&post=61446"},{"taxonomy":"post_tag","embeddable":true,"href":"https:\/\/masquenoticiastucuman.com.ar\/index.php?rest_route=%2Fwp%2Fv2%2Ftags&post=61446"}],"curies":[{"name":"wp","href":"https:\/\/api.w.org\/{rel}","templated":true}]}}