{"id":61449,"date":"2026-04-27T09:39:43","date_gmt":"2026-04-27T12:39:43","guid":{"rendered":"http:\/\/masquenoticiastucuman.com.ar\/?p=61449"},"modified":"2026-04-27T09:39:43","modified_gmt":"2026-04-27T12:39:43","slug":"la-salvaje-agresion-de-esteban-andrada-sacude-al-futbol-espanol-como-quedo-la-cara-de-pulido-hermetismo-en-zaragoza-y-el-riesgo-de-una-sancion-historica","status":"publish","type":"post","link":"https:\/\/masquenoticiastucuman.com.ar\/?p=61449","title":{"rendered":"La salvaje agresi\u00f3n de Esteban Andrada sacude al f\u00fatbol espa\u00f1ol: c\u00f3mo qued\u00f3 la cara de Pulido, hermetismo en Zaragoza y el riesgo de una sanci\u00f3n hist\u00f3rica"},"content":{"rendered":"<ul>\n<li>El arquero argentino, que tiene las horas contadas en el club ma\u00f1o, se entren\u00f3 en el gimnasio pero lejos de las c\u00e1maras.<\/li>\n<li>Al defensor que sufri\u00f3 el golpe se le vieron las marcas de la trompada.<\/li>\n<li>Se supo que la pelea sigui\u00f3 en los vestuarios.<\/li>\n<\/ul>\n<p>\u200bEl arquero argentino, que tiene las horas contadas en el club ma\u00f1o, se entren\u00f3 en el gimnasio pero lejos de las c\u00e1maras.Al defensor que sufri\u00f3 el golpe se le vieron las marcas de la trompada.Se supo que la pelea sigui\u00f3 en los vestuarios.\u00a0<a href=\"https:\/\/www.clarin.com\/deportes\/salvaje-agresion-esteban-andrada-sacude-futbol-espanol-quedo-cara-pulido-hermetismo-zaragoza-riesgo-sancion-historica_0_lpBNFsTvH7.html\" target=\"_blank\" class=\"feedzy-rss-link-icon\">Read More<\/a><\/p>","protected":false},"excerpt":{"rendered":"<p>El arquero argentino, que tiene las horas contadas en el club ma\u00f1o, se entren\u00f3 en&#8230;<\/p>\n","protected":false},"author":1,"featured_media":0,"comment_status":"open","ping_status":"open","sticky":false,"template":"","format":"standard","meta":{"footnotes":""},"categories":[6],"tags":[],"class_list":["post-61449","post","type-post","status-publish","format-standard","has-post-thumbnail","hentry","category-deportes"],"_links":{"self":[{"href":"https:\/\/masquenoticiastucuman.com.ar\/index.php?rest_route=\/wp\/v2\/posts\/61449","targetHints":{"allow":["GET"]}}],"collection":[{"href":"https:\/\/masquenoticiastucuman.com.ar\/index.php?rest_route=\/wp\/v2\/posts"}],"about":[{"href":"https:\/\/masquenoticiastucuman.com.ar\/index.php?rest_route=\/wp\/v2\/types\/post"}],"author":[{"embeddable":true,"href":"https:\/\/masquenoticiastucuman.com.ar\/index.php?rest_route=\/wp\/v2\/users\/1"}],"replies":[{"embeddable":true,"href":"https:\/\/masquenoticiastucuman.com.ar\/index.php?rest_route=%2Fwp%2Fv2%2Fcomments&post=61449"}],"version-history":[{"count":0,"href":"https:\/\/masquenoticiastucuman.com.ar\/index.php?rest_route=\/wp\/v2\/posts\/61449\/revisions"}],"wp:attachment":[{"href":"https:\/\/masquenoticiastucuman.com.ar\/index.php?rest_route=%2Fwp%2Fv2%2Fmedia&parent=61449"}],"wp:term":[{"taxonomy":"category","embeddable":true,"href":"https:\/\/masquenoticiastucuman.com.ar\/index.php?rest_route=%2Fwp%2Fv2%2Fcategories&post=61449"},{"taxonomy":"post_tag","embeddable":true,"href":"https:\/\/masquenoticiastucuman.com.ar\/index.php?rest_route=%2Fwp%2Fv2%2Ftags&post=61449"}],"curies":[{"name":"wp","href":"https:\/\/api.w.org\/{rel}","templated":true}]}}