{"id":61452,"date":"2026-04-27T11:30:32","date_gmt":"2026-04-27T14:30:32","guid":{"rendered":"http:\/\/masquenoticiastucuman.com.ar\/?p=61452"},"modified":"2026-04-27T11:30:32","modified_gmt":"2026-04-27T14:30:32","slug":"el-fin-de-una-racha-estiman-que-la-inflacion-de-abril-sera-menor-a-3-y-tendria-su-primera-desaceleracion-en-casi-un-ano","status":"publish","type":"post","link":"https:\/\/masquenoticiastucuman.com.ar\/?p=61452","title":{"rendered":"\u00bfEl fin de una racha?: estiman que la inflaci\u00f3n de abril ser\u00e1 menor a 3% y tendr\u00eda su primera desaceleraci\u00f3n en casi un a\u00f1o"},"content":{"rendered":"<ul>\n<li>Gobierno y consultoras coinciden en que marzo fue el techo del ritmo de precios y que el IPC de abril ser\u00e1 menor.<\/li>\n<li>Este mes continu\u00f3 el impacto del shock mundial del petr\u00f3leo en las naftas.<\/li>\n<li>Ante inversores, el BCRA actualiz\u00f3 su c\u00e1lculo propio y cree que sin la carne la inflaci\u00f3n va a ritmo de 2% mensual.<\/li>\n<\/ul>\n<p>\u200bGobierno y consultoras coinciden en que marzo fue el techo del ritmo de precios y que el IPC de abril ser\u00e1 menor.Este mes continu\u00f3 el impacto del shock mundial del petr\u00f3leo en las naftas.Ante inversores, el BCRA actualiz\u00f3 su c\u00e1lculo propio y cree que sin la carne la inflaci\u00f3n va a ritmo de 2% mensual.\u00a0<a href=\"https:\/\/www.clarin.com\/economia\/fin-racha-estiman-inflacion-abril-menor-3-primera-desaceleracion-ano_0_XKUsnQpa2s.html\" target=\"_blank\" class=\"feedzy-rss-link-icon\">Read More<\/a><\/p>","protected":false},"excerpt":{"rendered":"<p>Gobierno y consultoras coinciden en que marzo fue el techo del ritmo de precios y&#8230;<\/p>\n","protected":false},"author":1,"featured_media":0,"comment_status":"open","ping_status":"open","sticky":false,"template":"","format":"standard","meta":{"footnotes":""},"categories":[3],"tags":[],"class_list":["post-61452","post","type-post","status-publish","format-standard","has-post-thumbnail","hentry","category-nacionales"],"_links":{"self":[{"href":"https:\/\/masquenoticiastucuman.com.ar\/index.php?rest_route=\/wp\/v2\/posts\/61452","targetHints":{"allow":["GET"]}}],"collection":[{"href":"https:\/\/masquenoticiastucuman.com.ar\/index.php?rest_route=\/wp\/v2\/posts"}],"about":[{"href":"https:\/\/masquenoticiastucuman.com.ar\/index.php?rest_route=\/wp\/v2\/types\/post"}],"author":[{"embeddable":true,"href":"https:\/\/masquenoticiastucuman.com.ar\/index.php?rest_route=\/wp\/v2\/users\/1"}],"replies":[{"embeddable":true,"href":"https:\/\/masquenoticiastucuman.com.ar\/index.php?rest_route=%2Fwp%2Fv2%2Fcomments&post=61452"}],"version-history":[{"count":0,"href":"https:\/\/masquenoticiastucuman.com.ar\/index.php?rest_route=\/wp\/v2\/posts\/61452\/revisions"}],"wp:attachment":[{"href":"https:\/\/masquenoticiastucuman.com.ar\/index.php?rest_route=%2Fwp%2Fv2%2Fmedia&parent=61452"}],"wp:term":[{"taxonomy":"category","embeddable":true,"href":"https:\/\/masquenoticiastucuman.com.ar\/index.php?rest_route=%2Fwp%2Fv2%2Fcategories&post=61452"},{"taxonomy":"post_tag","embeddable":true,"href":"https:\/\/masquenoticiastucuman.com.ar\/index.php?rest_route=%2Fwp%2Fv2%2Ftags&post=61452"}],"curies":[{"name":"wp","href":"https:\/\/api.w.org\/{rel}","templated":true}]}}