{"id":61453,"date":"2026-04-27T10:45:59","date_gmt":"2026-04-27T13:45:59","guid":{"rendered":"http:\/\/masquenoticiastucuman.com.ar\/?p=61453"},"modified":"2026-04-27T10:45:59","modified_gmt":"2026-04-27T13:45:59","slug":"carlos-iii-en-estados-unidos-mision-diplomatica-imposible","status":"publish","type":"post","link":"https:\/\/masquenoticiastucuman.com.ar\/?p=61453","title":{"rendered":"Carlos III en Estados Unidos: \u00bfmisi\u00f3n diplom\u00e1tica imposible?"},"content":{"rendered":"<ul>\n<li>Estar\u00e1 tres d\u00edas junto a la reina Camila. \u00bfPodr\u00e1 el prestigio de la monarqu\u00eda brit\u00e1nica mejorar las relaciones entre ambos pa\u00edses?<\/li>\n<li>Trump ha demostrado su gusto por el esplendor real, pero su relaci\u00f3n con el premier Keir Starmer est\u00e1 en su momento m\u00e1s bajo.<\/li>\n<\/ul>\n<p>\u200bEstar\u00e1 tres d\u00edas junto a la reina Camila. \u00bfPodr\u00e1 el prestigio de la monarqu\u00eda brit\u00e1nica mejorar las relaciones entre ambos pa\u00edses?Trump ha demostrado su gusto por el esplendor real, pero su relaci\u00f3n con el premier Keir Starmer est\u00e1 en su momento m\u00e1s bajo.\u00a0<a href=\"https:\/\/www.clarin.com\/mundo\/carlos-iii-estados-unidos-mision-diplomatica-imposible_0_9DOcn0OJCy.html\" target=\"_blank\" class=\"feedzy-rss-link-icon\">Read More<\/a><\/p>","protected":false},"excerpt":{"rendered":"<p>Estar\u00e1 tres d\u00edas junto a la reina Camila. \u00bfPodr\u00e1 el prestigio de la monarqu\u00eda brit\u00e1nica&#8230;<\/p>\n","protected":false},"author":1,"featured_media":61454,"comment_status":"open","ping_status":"open","sticky":false,"template":"","format":"standard","meta":{"footnotes":""},"categories":[4],"tags":[],"class_list":["post-61453","post","type-post","status-publish","format-standard","has-post-thumbnail","hentry","category-internacionales"],"_links":{"self":[{"href":"https:\/\/masquenoticiastucuman.com.ar\/index.php?rest_route=\/wp\/v2\/posts\/61453","targetHints":{"allow":["GET"]}}],"collection":[{"href":"https:\/\/masquenoticiastucuman.com.ar\/index.php?rest_route=\/wp\/v2\/posts"}],"about":[{"href":"https:\/\/masquenoticiastucuman.com.ar\/index.php?rest_route=\/wp\/v2\/types\/post"}],"author":[{"embeddable":true,"href":"https:\/\/masquenoticiastucuman.com.ar\/index.php?rest_route=\/wp\/v2\/users\/1"}],"replies":[{"embeddable":true,"href":"https:\/\/masquenoticiastucuman.com.ar\/index.php?rest_route=%2Fwp%2Fv2%2Fcomments&post=61453"}],"version-history":[{"count":0,"href":"https:\/\/masquenoticiastucuman.com.ar\/index.php?rest_route=\/wp\/v2\/posts\/61453\/revisions"}],"wp:featuredmedia":[{"embeddable":true,"href":"https:\/\/masquenoticiastucuman.com.ar\/index.php?rest_route=\/wp\/v2\/media\/61454"}],"wp:attachment":[{"href":"https:\/\/masquenoticiastucuman.com.ar\/index.php?rest_route=%2Fwp%2Fv2%2Fmedia&parent=61453"}],"wp:term":[{"taxonomy":"category","embeddable":true,"href":"https:\/\/masquenoticiastucuman.com.ar\/index.php?rest_route=%2Fwp%2Fv2%2Fcategories&post=61453"},{"taxonomy":"post_tag","embeddable":true,"href":"https:\/\/masquenoticiastucuman.com.ar\/index.php?rest_route=%2Fwp%2Fv2%2Ftags&post=61453"}],"curies":[{"name":"wp","href":"https:\/\/api.w.org\/{rel}","templated":true}]}}