{"id":61455,"date":"2026-04-27T12:01:41","date_gmt":"2026-04-27T15:01:41","guid":{"rendered":"http:\/\/masquenoticiastucuman.com.ar\/?p=61455"},"modified":"2026-04-27T12:01:41","modified_gmt":"2026-04-27T15:01:41","slug":"gilby-clarke-el-guitarrista-de-guns-nroses-que-forjo-una-amistad-con-pappo-a-los-tiros-y-como-el-es-fanatico-de-las-motos-antiguas","status":"publish","type":"post","link":"https:\/\/masquenoticiastucuman.com.ar\/?p=61455","title":{"rendered":"Gilby Clarke, el guitarrista de Guns N&#8217;Roses que forj\u00f3 una amistad con Pappo a los tiros y, como \u00e9l, es fan\u00e1tico de las motos antiguas"},"content":{"rendered":"<ul>\n<li>El m\u00fasico guarda recuerdos imborrables de la Argentina. Como un asado en lo de Pappo, en el que lo recibi\u00f3 con una pistola calibre 44, o una zapada en la casa del Corcho Rodr\u00edguez, que se extendi\u00f3 hasta que Susana Gim\u00e9nez entr\u00f3 en la sala y los ret\u00f3.<\/li>\n<li>Tocar\u00e1 en Mar del Plata el 23 de mayo; y en la ciudad de Buenos Aires, el 24 y el 25.<\/li>\n<\/ul>\n<p>\u200bEl m\u00fasico guarda recuerdos imborrables de la Argentina. Como un asado en lo de Pappo, en el que lo recibi\u00f3 con una pistola calibre 44, o una zapada en la casa del Corcho Rodr\u00edguez, que se extendi\u00f3 hasta que Susana Gim\u00e9nez entr\u00f3 en la sala y los ret\u00f3.Tocar\u00e1 en Mar del Plata el 23 de mayo; y en la ciudad de Buenos Aires, el 24 y el 25.\u00a0<a href=\"https:\/\/www.clarin.com\/espectaculos\/gilby-clarke-guitarrista-guns-nroses-forjo-amistad-pappo-tiros-fanatico-motos-antiguas_0_xW6oBFfUw8.html\" target=\"_blank\" class=\"feedzy-rss-link-icon\">Read More<\/a><\/p>","protected":false},"excerpt":{"rendered":"<p>El m\u00fasico guarda recuerdos imborrables de la Argentina. Como un asado en lo de Pappo,&#8230;<\/p>\n","protected":false},"author":1,"featured_media":0,"comment_status":"open","ping_status":"open","sticky":false,"template":"","format":"standard","meta":{"footnotes":""},"categories":[5],"tags":[],"class_list":["post-61455","post","type-post","status-publish","format-standard","has-post-thumbnail","hentry","category-espectaculo"],"_links":{"self":[{"href":"https:\/\/masquenoticiastucuman.com.ar\/index.php?rest_route=\/wp\/v2\/posts\/61455","targetHints":{"allow":["GET"]}}],"collection":[{"href":"https:\/\/masquenoticiastucuman.com.ar\/index.php?rest_route=\/wp\/v2\/posts"}],"about":[{"href":"https:\/\/masquenoticiastucuman.com.ar\/index.php?rest_route=\/wp\/v2\/types\/post"}],"author":[{"embeddable":true,"href":"https:\/\/masquenoticiastucuman.com.ar\/index.php?rest_route=\/wp\/v2\/users\/1"}],"replies":[{"embeddable":true,"href":"https:\/\/masquenoticiastucuman.com.ar\/index.php?rest_route=%2Fwp%2Fv2%2Fcomments&post=61455"}],"version-history":[{"count":0,"href":"https:\/\/masquenoticiastucuman.com.ar\/index.php?rest_route=\/wp\/v2\/posts\/61455\/revisions"}],"wp:attachment":[{"href":"https:\/\/masquenoticiastucuman.com.ar\/index.php?rest_route=%2Fwp%2Fv2%2Fmedia&parent=61455"}],"wp:term":[{"taxonomy":"category","embeddable":true,"href":"https:\/\/masquenoticiastucuman.com.ar\/index.php?rest_route=%2Fwp%2Fv2%2Fcategories&post=61455"},{"taxonomy":"post_tag","embeddable":true,"href":"https:\/\/masquenoticiastucuman.com.ar\/index.php?rest_route=%2Fwp%2Fv2%2Ftags&post=61455"}],"curies":[{"name":"wp","href":"https:\/\/api.w.org\/{rel}","templated":true}]}}