{"id":61456,"date":"2026-04-27T12:45:09","date_gmt":"2026-04-27T15:45:09","guid":{"rendered":"http:\/\/masquenoticiastucuman.com.ar\/?p=61456"},"modified":"2026-04-27T12:45:09","modified_gmt":"2026-04-27T15:45:09","slug":"xavi-simons-otro-lesionado-que-se-pierde-el-mundial-2026-paises-bajos-sufre-por-el-companero-del-cuti-romero-en-el-tottenham","status":"publish","type":"post","link":"https:\/\/masquenoticiastucuman.com.ar\/?p=61456","title":{"rendered":"Xavi Simons, otro lesionado que se pierde el Mundial 2026: Pa\u00edses Bajos sufre por el compa\u00f1ero del Cuti Romero en el Tottenham"},"content":{"rendered":"<ul>\n<li>El delantero de 23 a\u00f1os sufri\u00f3 la rotura del ligamento cruzado anterior de su rodilla derecha y ser\u00e1 baja entre seis y ocho meses.<\/li>\n<li>Se suma a una lista de figuras que tambi\u00e9n sufren por temas f\u00edsicos rumbo a la m\u00e1xima cita.<\/li>\n<\/ul>\n<p>\u200bEl delantero de 23 a\u00f1os sufri\u00f3 la rotura del ligamento cruzado anterior de su rodilla derecha y ser\u00e1 baja entre seis y ocho meses.Se suma a una lista de figuras que tambi\u00e9n sufren por temas f\u00edsicos rumbo a la m\u00e1xima cita.\u00a0<a href=\"https:\/\/www.clarin.com\/deportes\/xavi-simons-lesionado-pierde-mundial-2026-paises-bajos-sufre-companero-cuti-romero-tottenham_0_uFunZTIkKx.html\" target=\"_blank\" class=\"feedzy-rss-link-icon\">Read More<\/a><\/p>","protected":false},"excerpt":{"rendered":"<p>El delantero de 23 a\u00f1os sufri\u00f3 la rotura del ligamento cruzado anterior de su rodilla&#8230;<\/p>\n","protected":false},"author":1,"featured_media":0,"comment_status":"open","ping_status":"open","sticky":false,"template":"","format":"standard","meta":{"footnotes":""},"categories":[6],"tags":[],"class_list":["post-61456","post","type-post","status-publish","format-standard","has-post-thumbnail","hentry","category-deportes"],"_links":{"self":[{"href":"https:\/\/masquenoticiastucuman.com.ar\/index.php?rest_route=\/wp\/v2\/posts\/61456","targetHints":{"allow":["GET"]}}],"collection":[{"href":"https:\/\/masquenoticiastucuman.com.ar\/index.php?rest_route=\/wp\/v2\/posts"}],"about":[{"href":"https:\/\/masquenoticiastucuman.com.ar\/index.php?rest_route=\/wp\/v2\/types\/post"}],"author":[{"embeddable":true,"href":"https:\/\/masquenoticiastucuman.com.ar\/index.php?rest_route=\/wp\/v2\/users\/1"}],"replies":[{"embeddable":true,"href":"https:\/\/masquenoticiastucuman.com.ar\/index.php?rest_route=%2Fwp%2Fv2%2Fcomments&post=61456"}],"version-history":[{"count":0,"href":"https:\/\/masquenoticiastucuman.com.ar\/index.php?rest_route=\/wp\/v2\/posts\/61456\/revisions"}],"wp:attachment":[{"href":"https:\/\/masquenoticiastucuman.com.ar\/index.php?rest_route=%2Fwp%2Fv2%2Fmedia&parent=61456"}],"wp:term":[{"taxonomy":"category","embeddable":true,"href":"https:\/\/masquenoticiastucuman.com.ar\/index.php?rest_route=%2Fwp%2Fv2%2Fcategories&post=61456"},{"taxonomy":"post_tag","embeddable":true,"href":"https:\/\/masquenoticiastucuman.com.ar\/index.php?rest_route=%2Fwp%2Fv2%2Ftags&post=61456"}],"curies":[{"name":"wp","href":"https:\/\/api.w.org\/{rel}","templated":true}]}}