{"id":61457,"date":"2026-04-27T12:35:16","date_gmt":"2026-04-27T15:35:16","guid":{"rendered":"http:\/\/masquenoticiastucuman.com.ar\/?p=61457"},"modified":"2026-04-27T12:35:16","modified_gmt":"2026-04-27T15:35:16","slug":"las-super-zapatillas-de-carbono-el-arma-no-tan-secreta-detras-del-maraton-historico-de-sawe-en-londres","status":"publish","type":"post","link":"https:\/\/masquenoticiastucuman.com.ar\/?p=61457","title":{"rendered":"Las s\u00faper zapatillas de carbono, el arma no tan secreta detr\u00e1s del marat\u00f3n hist\u00f3rico de Sawe en Londres"},"content":{"rendered":"<ul>\n<li>El r\u00e9cord lleg\u00f3 en una carrera excepcional, con tres atletas por debajo de la plusmarca mundial y marcas impensadas hasta hace pocos a\u00f1os. <\/li>\n<li>La clave est\u00e1 en una combinaci\u00f3n de placas r\u00edgidas, espumas ultrarreactivas y dise\u00f1o biomec\u00e1nico que mejora la econom\u00eda de carrera y redefine el atletismo moderno.<\/li>\n<\/ul>\n<p>\u200bEl r\u00e9cord lleg\u00f3 en una carrera excepcional, con tres atletas por debajo de la plusmarca mundial y marcas impensadas hasta hace pocos a\u00f1os. La clave est\u00e1 en una combinaci\u00f3n de placas r\u00edgidas, espumas ultrarreactivas y dise\u00f1o biomec\u00e1nico que mejora la econom\u00eda de carrera y redefine el atletismo moderno.\u00a0<a href=\"https:\/\/www.clarin.com\/deportes\/super-zapatillas-carbono-arma-secreta-detras-maraton-historico-sawe-londres_0_ntdm5NPZa2.html\" target=\"_blank\" class=\"feedzy-rss-link-icon\">Read More<\/a><\/p>","protected":false},"excerpt":{"rendered":"<p>El r\u00e9cord lleg\u00f3 en una carrera excepcional, con tres atletas por debajo de la plusmarca&#8230;<\/p>\n","protected":false},"author":1,"featured_media":0,"comment_status":"open","ping_status":"open","sticky":false,"template":"","format":"standard","meta":{"footnotes":""},"categories":[6],"tags":[],"class_list":["post-61457","post","type-post","status-publish","format-standard","has-post-thumbnail","hentry","category-deportes"],"_links":{"self":[{"href":"https:\/\/masquenoticiastucuman.com.ar\/index.php?rest_route=\/wp\/v2\/posts\/61457","targetHints":{"allow":["GET"]}}],"collection":[{"href":"https:\/\/masquenoticiastucuman.com.ar\/index.php?rest_route=\/wp\/v2\/posts"}],"about":[{"href":"https:\/\/masquenoticiastucuman.com.ar\/index.php?rest_route=\/wp\/v2\/types\/post"}],"author":[{"embeddable":true,"href":"https:\/\/masquenoticiastucuman.com.ar\/index.php?rest_route=\/wp\/v2\/users\/1"}],"replies":[{"embeddable":true,"href":"https:\/\/masquenoticiastucuman.com.ar\/index.php?rest_route=%2Fwp%2Fv2%2Fcomments&post=61457"}],"version-history":[{"count":0,"href":"https:\/\/masquenoticiastucuman.com.ar\/index.php?rest_route=\/wp\/v2\/posts\/61457\/revisions"}],"wp:attachment":[{"href":"https:\/\/masquenoticiastucuman.com.ar\/index.php?rest_route=%2Fwp%2Fv2%2Fmedia&parent=61457"}],"wp:term":[{"taxonomy":"category","embeddable":true,"href":"https:\/\/masquenoticiastucuman.com.ar\/index.php?rest_route=%2Fwp%2Fv2%2Fcategories&post=61457"},{"taxonomy":"post_tag","embeddable":true,"href":"https:\/\/masquenoticiastucuman.com.ar\/index.php?rest_route=%2Fwp%2Fv2%2Ftags&post=61457"}],"curies":[{"name":"wp","href":"https:\/\/api.w.org\/{rel}","templated":true}]}}