{"id":61459,"date":"2026-04-27T12:44:44","date_gmt":"2026-04-27T15:44:44","guid":{"rendered":"http:\/\/masquenoticiastucuman.com.ar\/?p=61459"},"modified":"2026-04-27T12:44:44","modified_gmt":"2026-04-27T15:44:44","slug":"un-gigante-mundial-del-comercio-de-energia-se-asocio-con-una-distribuidora-argentina-para-exportar-gas-de-vaca-muerta","status":"publish","type":"post","link":"https:\/\/masquenoticiastucuman.com.ar\/?p=61459","title":{"rendered":"Un gigante mundial del comercio de energ\u00eda se asoci\u00f3 con una distribuidora argentina para exportar gas de Vaca Muerta"},"content":{"rendered":"<ul>\n<li>Es la neerlandesa Vitol, uno de los traders de energ\u00eda m\u00e1s grandes en el mercado, que firm\u00f3 un acuerdo con Camuzzi.<\/li>\n<li>Podr\u00eda incluso entrar como accionista del proyecto LNG Del Plata. <\/li>\n<\/ul>\n<p>\u200bEs la neerlandesa Vitol, uno de los traders de energ\u00eda m\u00e1s grandes en el mercado, que firm\u00f3 un acuerdo con Camuzzi.Podr\u00eda incluso entrar como accionista del proyecto LNG Del Plata.\u00a0<a href=\"https:\/\/www.clarin.com\/economia\/gigante-mundial-comercio-energia-asocio-distribuidora-argentina-exportar-gas-vaca-muerta_0_IkjupsJZGW.html\" target=\"_blank\" class=\"feedzy-rss-link-icon\">Read More<\/a><\/p>","protected":false},"excerpt":{"rendered":"<p>Es la neerlandesa Vitol, uno de los traders de energ\u00eda m\u00e1s grandes en el mercado,&#8230;<\/p>\n","protected":false},"author":1,"featured_media":0,"comment_status":"open","ping_status":"open","sticky":false,"template":"","format":"standard","meta":{"footnotes":""},"categories":[3],"tags":[],"class_list":["post-61459","post","type-post","status-publish","format-standard","has-post-thumbnail","hentry","category-nacionales"],"_links":{"self":[{"href":"https:\/\/masquenoticiastucuman.com.ar\/index.php?rest_route=\/wp\/v2\/posts\/61459","targetHints":{"allow":["GET"]}}],"collection":[{"href":"https:\/\/masquenoticiastucuman.com.ar\/index.php?rest_route=\/wp\/v2\/posts"}],"about":[{"href":"https:\/\/masquenoticiastucuman.com.ar\/index.php?rest_route=\/wp\/v2\/types\/post"}],"author":[{"embeddable":true,"href":"https:\/\/masquenoticiastucuman.com.ar\/index.php?rest_route=\/wp\/v2\/users\/1"}],"replies":[{"embeddable":true,"href":"https:\/\/masquenoticiastucuman.com.ar\/index.php?rest_route=%2Fwp%2Fv2%2Fcomments&post=61459"}],"version-history":[{"count":0,"href":"https:\/\/masquenoticiastucuman.com.ar\/index.php?rest_route=\/wp\/v2\/posts\/61459\/revisions"}],"wp:attachment":[{"href":"https:\/\/masquenoticiastucuman.com.ar\/index.php?rest_route=%2Fwp%2Fv2%2Fmedia&parent=61459"}],"wp:term":[{"taxonomy":"category","embeddable":true,"href":"https:\/\/masquenoticiastucuman.com.ar\/index.php?rest_route=%2Fwp%2Fv2%2Fcategories&post=61459"},{"taxonomy":"post_tag","embeddable":true,"href":"https:\/\/masquenoticiastucuman.com.ar\/index.php?rest_route=%2Fwp%2Fv2%2Ftags&post=61459"}],"curies":[{"name":"wp","href":"https:\/\/api.w.org\/{rel}","templated":true}]}}