{"id":61466,"date":"2026-04-27T13:16:49","date_gmt":"2026-04-27T16:16:49","guid":{"rendered":"http:\/\/masquenoticiastucuman.com.ar\/?p=61466"},"modified":"2026-04-27T13:16:49","modified_gmt":"2026-04-27T16:16:49","slug":"el-drama-de-luka-modric-sufrio-una-fractura-en-el-pomulo-se-tiene-que-operar-y-croacia-sufre-por-su-posible-ausencia-en-el-mundial-2026","status":"publish","type":"post","link":"https:\/\/masquenoticiastucuman.com.ar\/?p=61466","title":{"rendered":"El drama de Luka Modric: sufri\u00f3 una fractura en el p\u00f3mulo, se tiene que operar y Croacia sufre por su posible ausencia en el Mundial 2026"},"content":{"rendered":"<ul>\n<li>El mediocampista del Milan, de 40 a\u00f1os, choc\u00f3 con Manuel Locatelli de la Juventus y tuvo que ser reemplazado.<\/li>\n<li>Mir\u00e1 el video.<\/li>\n<\/ul>\n<p>\u200bEl mediocampista del Milan, de 40 a\u00f1os, choc\u00f3 con Manuel Locatelli de la Juventus y tuvo que ser reemplazado.Mir\u00e1 el video.\u00a0<a href=\"https:\/\/www.clarin.com\/deportes\/drama-luka-modric-sufrio-fractura-pomulo-operar-croacia-sufre-posible-ausencia-mundial-2026_0_Rr1KHU6aCX.html\" target=\"_blank\" class=\"feedzy-rss-link-icon\">Read More<\/a><\/p>","protected":false},"excerpt":{"rendered":"<p>El mediocampista del Milan, de 40 a\u00f1os, choc\u00f3 con Manuel Locatelli de la Juventus y&#8230;<\/p>\n","protected":false},"author":1,"featured_media":0,"comment_status":"open","ping_status":"open","sticky":false,"template":"","format":"standard","meta":{"footnotes":""},"categories":[6],"tags":[],"class_list":["post-61466","post","type-post","status-publish","format-standard","has-post-thumbnail","hentry","category-deportes"],"_links":{"self":[{"href":"https:\/\/masquenoticiastucuman.com.ar\/index.php?rest_route=\/wp\/v2\/posts\/61466","targetHints":{"allow":["GET"]}}],"collection":[{"href":"https:\/\/masquenoticiastucuman.com.ar\/index.php?rest_route=\/wp\/v2\/posts"}],"about":[{"href":"https:\/\/masquenoticiastucuman.com.ar\/index.php?rest_route=\/wp\/v2\/types\/post"}],"author":[{"embeddable":true,"href":"https:\/\/masquenoticiastucuman.com.ar\/index.php?rest_route=\/wp\/v2\/users\/1"}],"replies":[{"embeddable":true,"href":"https:\/\/masquenoticiastucuman.com.ar\/index.php?rest_route=%2Fwp%2Fv2%2Fcomments&post=61466"}],"version-history":[{"count":0,"href":"https:\/\/masquenoticiastucuman.com.ar\/index.php?rest_route=\/wp\/v2\/posts\/61466\/revisions"}],"wp:attachment":[{"href":"https:\/\/masquenoticiastucuman.com.ar\/index.php?rest_route=%2Fwp%2Fv2%2Fmedia&parent=61466"}],"wp:term":[{"taxonomy":"category","embeddable":true,"href":"https:\/\/masquenoticiastucuman.com.ar\/index.php?rest_route=%2Fwp%2Fv2%2Fcategories&post=61466"},{"taxonomy":"post_tag","embeddable":true,"href":"https:\/\/masquenoticiastucuman.com.ar\/index.php?rest_route=%2Fwp%2Fv2%2Ftags&post=61466"}],"curies":[{"name":"wp","href":"https:\/\/api.w.org\/{rel}","templated":true}]}}