{"id":61467,"date":"2026-04-27T15:49:34","date_gmt":"2026-04-27T18:49:34","guid":{"rendered":"http:\/\/masquenoticiastucuman.com.ar\/?p=61467"},"modified":"2026-04-27T15:49:34","modified_gmt":"2026-04-27T18:49:34","slug":"la-confianza-es-determinante-se-enfrio-el-interes-por-comprar-campos-en-marzo-debido-a-la-incertidumbre-politica-y-economica","status":"publish","type":"post","link":"https:\/\/masquenoticiastucuman.com.ar\/?p=61467","title":{"rendered":"\u201cLa confianza es determinante\u201d: se enfri\u00f3 el inter\u00e9s por comprar campos en marzo debido a la \u201cincertidumbre\u201d pol\u00edtica y econ\u00f3mica"},"content":{"rendered":"<ul>\n<li>El \u00edndice de actividad que elabora la C\u00e1mara Argentina de Inmobiliarias Rurales (CAIR) mostr\u00f3 una baja en el tercer mes del a\u00f1o y se ubic\u00f3 m\u00e1s de 8 puntos por debajo del promedio del 2025.<\/li>\n<li>Para la entidad, la ca\u00edda es &#8220;multicausal&#8221; donde el rumbo del Gobierno se impone como un factor fundamental, sobre todo en los negocios ganaderos.<\/li>\n<\/ul>\n<p>\u200bEl \u00edndice de actividad que elabora la C\u00e1mara Argentina de Inmobiliarias Rurales (CAIR) mostr\u00f3 una baja en el tercer mes del a\u00f1o y se ubic\u00f3 m\u00e1s de 8 puntos por debajo del promedio del 2025.Para la entidad, la ca\u00edda es &#8220;multicausal&#8221; donde el rumbo del Gobierno se impone como un factor fundamental, sobre todo en los negocios ganaderos.\u00a0<a href=\"https:\/\/www.clarin.com\/rural\/confianza-determinante-enfrio-interes-comprar-campos-marzo-debido-incertidumbre-politica-economica_0_RAPPNtawPH.html\" target=\"_blank\" class=\"feedzy-rss-link-icon\">Read More<\/a><\/p>","protected":false},"excerpt":{"rendered":"<p>El \u00edndice de actividad que elabora la C\u00e1mara Argentina de Inmobiliarias Rurales (CAIR) mostr\u00f3 una&#8230;<\/p>\n","protected":false},"author":1,"featured_media":0,"comment_status":"open","ping_status":"open","sticky":false,"template":"","format":"standard","meta":{"footnotes":""},"categories":[3],"tags":[],"class_list":["post-61467","post","type-post","status-publish","format-standard","has-post-thumbnail","hentry","category-nacionales"],"_links":{"self":[{"href":"https:\/\/masquenoticiastucuman.com.ar\/index.php?rest_route=\/wp\/v2\/posts\/61467","targetHints":{"allow":["GET"]}}],"collection":[{"href":"https:\/\/masquenoticiastucuman.com.ar\/index.php?rest_route=\/wp\/v2\/posts"}],"about":[{"href":"https:\/\/masquenoticiastucuman.com.ar\/index.php?rest_route=\/wp\/v2\/types\/post"}],"author":[{"embeddable":true,"href":"https:\/\/masquenoticiastucuman.com.ar\/index.php?rest_route=\/wp\/v2\/users\/1"}],"replies":[{"embeddable":true,"href":"https:\/\/masquenoticiastucuman.com.ar\/index.php?rest_route=%2Fwp%2Fv2%2Fcomments&post=61467"}],"version-history":[{"count":0,"href":"https:\/\/masquenoticiastucuman.com.ar\/index.php?rest_route=\/wp\/v2\/posts\/61467\/revisions"}],"wp:attachment":[{"href":"https:\/\/masquenoticiastucuman.com.ar\/index.php?rest_route=%2Fwp%2Fv2%2Fmedia&parent=61467"}],"wp:term":[{"taxonomy":"category","embeddable":true,"href":"https:\/\/masquenoticiastucuman.com.ar\/index.php?rest_route=%2Fwp%2Fv2%2Fcategories&post=61467"},{"taxonomy":"post_tag","embeddable":true,"href":"https:\/\/masquenoticiastucuman.com.ar\/index.php?rest_route=%2Fwp%2Fv2%2Ftags&post=61467"}],"curies":[{"name":"wp","href":"https:\/\/api.w.org\/{rel}","templated":true}]}}