{"id":61471,"date":"2026-04-27T15:18:52","date_gmt":"2026-04-27T18:18:52","guid":{"rendered":"http:\/\/masquenoticiastucuman.com.ar\/?p=61471"},"modified":"2026-04-27T15:18:52","modified_gmt":"2026-04-27T18:18:52","slug":"el-acusado-del-tiroteo-en-la-cena-de-corresponsales-de-la-casa-blanca-es-imputado-por-intento-de-asesinato-del-presidente-donald-trump","status":"publish","type":"post","link":"https:\/\/masquenoticiastucuman.com.ar\/?p=61471","title":{"rendered":"El acusado del tiroteo en la cena de corresponsales de la Casa Blanca es imputado por intento de asesinato del presidente Donald Trump"},"content":{"rendered":"<ul>\n<li>Se trata de Cole Tomas Allen y est\u00e1 siendo representado por abogados de la oficina del defensor federal<\/li>\n<li>La Casa Blanca acus\u00f3 a los medios de comunicaci\u00f3n y al Partido Dem\u00f3crata de demonizar continuamente al presidente estadounidense.<\/li>\n<\/ul>\n<p>\u200bSe trata de Cole Tomas Allen y est\u00e1 siendo representado por abogados de la oficina del defensor federalLa Casa Blanca acus\u00f3 a los medios de comunicaci\u00f3n y al Partido Dem\u00f3crata de demonizar continuamente al presidente estadounidense.\u00a0<a href=\"https:\/\/www.clarin.com\/mundo\/acusado-tiroteo-cena-corresponsales-casa-blanca-imputado-intento-asesinato-presidente-donald-trump_0_JnACFDfExM.html\" target=\"_blank\" class=\"feedzy-rss-link-icon\">Read More<\/a><\/p>","protected":false},"excerpt":{"rendered":"<p>Se trata de Cole Tomas Allen y est\u00e1 siendo representado por abogados de la oficina&#8230;<\/p>\n","protected":false},"author":1,"featured_media":61472,"comment_status":"open","ping_status":"open","sticky":false,"template":"","format":"standard","meta":{"footnotes":""},"categories":[4],"tags":[],"class_list":["post-61471","post","type-post","status-publish","format-standard","has-post-thumbnail","hentry","category-internacionales"],"_links":{"self":[{"href":"https:\/\/masquenoticiastucuman.com.ar\/index.php?rest_route=\/wp\/v2\/posts\/61471","targetHints":{"allow":["GET"]}}],"collection":[{"href":"https:\/\/masquenoticiastucuman.com.ar\/index.php?rest_route=\/wp\/v2\/posts"}],"about":[{"href":"https:\/\/masquenoticiastucuman.com.ar\/index.php?rest_route=\/wp\/v2\/types\/post"}],"author":[{"embeddable":true,"href":"https:\/\/masquenoticiastucuman.com.ar\/index.php?rest_route=\/wp\/v2\/users\/1"}],"replies":[{"embeddable":true,"href":"https:\/\/masquenoticiastucuman.com.ar\/index.php?rest_route=%2Fwp%2Fv2%2Fcomments&post=61471"}],"version-history":[{"count":0,"href":"https:\/\/masquenoticiastucuman.com.ar\/index.php?rest_route=\/wp\/v2\/posts\/61471\/revisions"}],"wp:featuredmedia":[{"embeddable":true,"href":"https:\/\/masquenoticiastucuman.com.ar\/index.php?rest_route=\/wp\/v2\/media\/61472"}],"wp:attachment":[{"href":"https:\/\/masquenoticiastucuman.com.ar\/index.php?rest_route=%2Fwp%2Fv2%2Fmedia&parent=61471"}],"wp:term":[{"taxonomy":"category","embeddable":true,"href":"https:\/\/masquenoticiastucuman.com.ar\/index.php?rest_route=%2Fwp%2Fv2%2Fcategories&post=61471"},{"taxonomy":"post_tag","embeddable":true,"href":"https:\/\/masquenoticiastucuman.com.ar\/index.php?rest_route=%2Fwp%2Fv2%2Ftags&post=61471"}],"curies":[{"name":"wp","href":"https:\/\/api.w.org\/{rel}","templated":true}]}}