{"id":61473,"date":"2026-04-27T16:33:09","date_gmt":"2026-04-27T19:33:09","guid":{"rendered":"http:\/\/masquenoticiastucuman.com.ar\/?p=61473"},"modified":"2026-04-27T16:33:09","modified_gmt":"2026-04-27T19:33:09","slug":"harry-styles-y-zoe-kravitz-se-comprometieron-tras-ocho-meses-juntos-los-detalles","status":"publish","type":"post","link":"https:\/\/masquenoticiastucuman.com.ar\/?p=61473","title":{"rendered":"Harry Styles y Zo\u00eb Kravitz se comprometieron tras ocho meses juntos: los detalles"},"content":{"rendered":"<ul>\n<li>Despu\u00e9s de varias semanas de rumores, una fuente cercana a la pareja confirm\u00f3 la noticia.<\/li>\n<li>Si bien ninguno de los protagonistas dio declaraciones p\u00fablicas, la actriz ya se mostr\u00f3 con un anillo de diamantes en su dedo anular.<\/li>\n<\/ul>\n<p>\u200bDespu\u00e9s de varias semanas de rumores, una fuente cercana a la pareja confirm\u00f3 la noticia.Si bien ninguno de los protagonistas dio declaraciones p\u00fablicas, la actriz ya se mostr\u00f3 con un anillo de diamantes en su dedo anular.\u00a0<a href=\"https:\/\/www.clarin.com\/espectaculos\/harry-styles-zoe-kravitz-comprometieron-meses-juntos-detalles_0_DTmXRtkuV5.html\" target=\"_blank\" class=\"feedzy-rss-link-icon\">Read More<\/a><\/p>","protected":false},"excerpt":{"rendered":"<p>Despu\u00e9s de varias semanas de rumores, una fuente cercana a la pareja confirm\u00f3 la noticia&#8230;.<\/p>\n","protected":false},"author":1,"featured_media":0,"comment_status":"open","ping_status":"open","sticky":false,"template":"","format":"standard","meta":{"footnotes":""},"categories":[5],"tags":[],"class_list":["post-61473","post","type-post","status-publish","format-standard","has-post-thumbnail","hentry","category-espectaculo"],"_links":{"self":[{"href":"https:\/\/masquenoticiastucuman.com.ar\/index.php?rest_route=\/wp\/v2\/posts\/61473","targetHints":{"allow":["GET"]}}],"collection":[{"href":"https:\/\/masquenoticiastucuman.com.ar\/index.php?rest_route=\/wp\/v2\/posts"}],"about":[{"href":"https:\/\/masquenoticiastucuman.com.ar\/index.php?rest_route=\/wp\/v2\/types\/post"}],"author":[{"embeddable":true,"href":"https:\/\/masquenoticiastucuman.com.ar\/index.php?rest_route=\/wp\/v2\/users\/1"}],"replies":[{"embeddable":true,"href":"https:\/\/masquenoticiastucuman.com.ar\/index.php?rest_route=%2Fwp%2Fv2%2Fcomments&post=61473"}],"version-history":[{"count":0,"href":"https:\/\/masquenoticiastucuman.com.ar\/index.php?rest_route=\/wp\/v2\/posts\/61473\/revisions"}],"wp:attachment":[{"href":"https:\/\/masquenoticiastucuman.com.ar\/index.php?rest_route=%2Fwp%2Fv2%2Fmedia&parent=61473"}],"wp:term":[{"taxonomy":"category","embeddable":true,"href":"https:\/\/masquenoticiastucuman.com.ar\/index.php?rest_route=%2Fwp%2Fv2%2Fcategories&post=61473"},{"taxonomy":"post_tag","embeddable":true,"href":"https:\/\/masquenoticiastucuman.com.ar\/index.php?rest_route=%2Fwp%2Fv2%2Ftags&post=61473"}],"curies":[{"name":"wp","href":"https:\/\/api.w.org\/{rel}","templated":true}]}}