{"id":61474,"date":"2026-04-27T16:35:03","date_gmt":"2026-04-27T19:35:03","guid":{"rendered":"http:\/\/masquenoticiastucuman.com.ar\/?p=61474"},"modified":"2026-04-27T16:35:03","modified_gmt":"2026-04-27T19:35:03","slug":"una-pelota-de-mentiras-julian-alvarez-volvio-a-cruzar-los-rumores-de-una-venta-al-barcelona-antes-de-la-semi-vs-arsenal-por-la-champions","status":"publish","type":"post","link":"https:\/\/masquenoticiastucuman.com.ar\/?p=61474","title":{"rendered":"&#8220;Una pelota de mentiras&#8221;: Juli\u00e1n Alvarez volvi\u00f3 a cruzar los rumores de una venta al Barcelona antes de la semi vs Arsenal por la Champions"},"content":{"rendered":"<ul>\n<li>El cordob\u00e9s es el mejor jugador de la temporada en el Atl\u00e9tico de Madrid, que el mi\u00e9rcoles abre la serie contra los ingleses.<\/li>\n<li>Mir\u00e1 el video.<\/li>\n<\/ul>\n<p>\u200bEl cordob\u00e9s es el mejor jugador de la temporada en el Atl\u00e9tico de Madrid, que el mi\u00e9rcoles abre la serie contra los ingleses.Mir\u00e1 el video.\u00a0<a href=\"https:\/\/www.clarin.com\/deportes\/pelota-mentiras-julian-alvarez-volvio-cruzar-rumores-venta-barcelona-semi-vs-arsenal-champions_0_LEU6Enh5nL.html\" target=\"_blank\" class=\"feedzy-rss-link-icon\">Read More<\/a><\/p>","protected":false},"excerpt":{"rendered":"<p>El cordob\u00e9s es el mejor jugador de la temporada en el Atl\u00e9tico de Madrid, que&#8230;<\/p>\n","protected":false},"author":1,"featured_media":0,"comment_status":"open","ping_status":"open","sticky":false,"template":"","format":"standard","meta":{"footnotes":""},"categories":[6],"tags":[],"class_list":["post-61474","post","type-post","status-publish","format-standard","has-post-thumbnail","hentry","category-deportes"],"_links":{"self":[{"href":"https:\/\/masquenoticiastucuman.com.ar\/index.php?rest_route=\/wp\/v2\/posts\/61474","targetHints":{"allow":["GET"]}}],"collection":[{"href":"https:\/\/masquenoticiastucuman.com.ar\/index.php?rest_route=\/wp\/v2\/posts"}],"about":[{"href":"https:\/\/masquenoticiastucuman.com.ar\/index.php?rest_route=\/wp\/v2\/types\/post"}],"author":[{"embeddable":true,"href":"https:\/\/masquenoticiastucuman.com.ar\/index.php?rest_route=\/wp\/v2\/users\/1"}],"replies":[{"embeddable":true,"href":"https:\/\/masquenoticiastucuman.com.ar\/index.php?rest_route=%2Fwp%2Fv2%2Fcomments&post=61474"}],"version-history":[{"count":0,"href":"https:\/\/masquenoticiastucuman.com.ar\/index.php?rest_route=\/wp\/v2\/posts\/61474\/revisions"}],"wp:attachment":[{"href":"https:\/\/masquenoticiastucuman.com.ar\/index.php?rest_route=%2Fwp%2Fv2%2Fmedia&parent=61474"}],"wp:term":[{"taxonomy":"category","embeddable":true,"href":"https:\/\/masquenoticiastucuman.com.ar\/index.php?rest_route=%2Fwp%2Fv2%2Fcategories&post=61474"},{"taxonomy":"post_tag","embeddable":true,"href":"https:\/\/masquenoticiastucuman.com.ar\/index.php?rest_route=%2Fwp%2Fv2%2Ftags&post=61474"}],"curies":[{"name":"wp","href":"https:\/\/api.w.org\/{rel}","templated":true}]}}