{"id":61476,"date":"2026-04-27T18:22:19","date_gmt":"2026-04-27T21:22:19","guid":{"rendered":"http:\/\/masquenoticiastucuman.com.ar\/?p=61476"},"modified":"2026-04-27T18:22:19","modified_gmt":"2026-04-27T21:22:19","slug":"paso-fundamental-argentina-restituyo-su-estatus-de-pais-libre-de-gripe-aviar","status":"publish","type":"post","link":"https:\/\/masquenoticiastucuman.com.ar\/?p=61476","title":{"rendered":"&#8220;Paso fundamental&#8221;: Argentina restituy\u00f3 su estatus de pa\u00eds libre de gripe aviar"},"content":{"rendered":"<ul>\n<li>El SENASA elev\u00f3 el informe de autodeclaraci\u00f3n a la OMSA y reactivar\u00e1 negociaciones comerciales con quienes sosten\u00eda acuerdo de pa\u00eds libre. <\/li>\n<li>A su vez, se lanzar\u00e1 una campa\u00f1a de comunicaci\u00f3n para fomentar el resguardo del estatus sanitario alcanzado.<\/li>\n<\/ul>\n<p>\u200bEl SENASA elev\u00f3 el informe de autodeclaraci\u00f3n a la OMSA y reactivar\u00e1 negociaciones comerciales con quienes sosten\u00eda acuerdo de pa\u00eds libre. A su vez, se lanzar\u00e1 una campa\u00f1a de comunicaci\u00f3n para fomentar el resguardo del estatus sanitario alcanzado.\u00a0<a href=\"https:\/\/www.clarin.com\/rural\/paso-fundamental-argentina-restituyo-estatus-pais-libre-gripe-aviar_0_wRle216x7a.html\" target=\"_blank\" class=\"feedzy-rss-link-icon\">Read More<\/a><\/p>","protected":false},"excerpt":{"rendered":"<p>El SENASA elev\u00f3 el informe de autodeclaraci\u00f3n a la OMSA y reactivar\u00e1 negociaciones comerciales con&#8230;<\/p>\n","protected":false},"author":1,"featured_media":0,"comment_status":"open","ping_status":"open","sticky":false,"template":"","format":"standard","meta":{"footnotes":""},"categories":[3],"tags":[],"class_list":["post-61476","post","type-post","status-publish","format-standard","has-post-thumbnail","hentry","category-nacionales"],"_links":{"self":[{"href":"https:\/\/masquenoticiastucuman.com.ar\/index.php?rest_route=\/wp\/v2\/posts\/61476","targetHints":{"allow":["GET"]}}],"collection":[{"href":"https:\/\/masquenoticiastucuman.com.ar\/index.php?rest_route=\/wp\/v2\/posts"}],"about":[{"href":"https:\/\/masquenoticiastucuman.com.ar\/index.php?rest_route=\/wp\/v2\/types\/post"}],"author":[{"embeddable":true,"href":"https:\/\/masquenoticiastucuman.com.ar\/index.php?rest_route=\/wp\/v2\/users\/1"}],"replies":[{"embeddable":true,"href":"https:\/\/masquenoticiastucuman.com.ar\/index.php?rest_route=%2Fwp%2Fv2%2Fcomments&post=61476"}],"version-history":[{"count":0,"href":"https:\/\/masquenoticiastucuman.com.ar\/index.php?rest_route=\/wp\/v2\/posts\/61476\/revisions"}],"wp:attachment":[{"href":"https:\/\/masquenoticiastucuman.com.ar\/index.php?rest_route=%2Fwp%2Fv2%2Fmedia&parent=61476"}],"wp:term":[{"taxonomy":"category","embeddable":true,"href":"https:\/\/masquenoticiastucuman.com.ar\/index.php?rest_route=%2Fwp%2Fv2%2Fcategories&post=61476"},{"taxonomy":"post_tag","embeddable":true,"href":"https:\/\/masquenoticiastucuman.com.ar\/index.php?rest_route=%2Fwp%2Fv2%2Ftags&post=61476"}],"curies":[{"name":"wp","href":"https:\/\/api.w.org\/{rel}","templated":true}]}}