{"id":61477,"date":"2026-04-27T17:51:59","date_gmt":"2026-04-27T20:51:59","guid":{"rendered":"http:\/\/masquenoticiastucuman.com.ar\/?p=61477"},"modified":"2026-04-27T17:51:59","modified_gmt":"2026-04-27T20:51:59","slug":"una-carta-de-cabaneros-pidiendo-una-auditoria-arroja-mas-lena-al-fuego-en-la-interna-de-la-rural","status":"publish","type":"post","link":"https:\/\/masquenoticiastucuman.com.ar\/?p=61477","title":{"rendered":"Una carta de caba\u00f1eros pidiendo una auditor\u00eda arroja m\u00e1s le\u00f1a al fuego en la interna de la Rural"},"content":{"rendered":"<ul>\n<li>La fuerte disputa entre el Presidente y el Vice de la entidad gira en torno a un sistema fallido para los registros geneal\u00f3gicos de las distintas razas.<\/li>\n<li> Se trata de un servicio exclusivo que la entidad presta desde hace m\u00e1s de 150 a\u00f1os.<\/li>\n<li> Acusaciones cruzadas y el destino de US$ 3 millones. <\/li>\n<\/ul>\n<p>\u200bLa fuerte disputa entre el Presidente y el Vice de la entidad gira en torno a un sistema fallido para los registros geneal\u00f3gicos de las distintas razas. Se trata de un servicio exclusivo que la entidad presta desde hace m\u00e1s de 150 a\u00f1os. Acusaciones cruzadas y el destino de US$ 3 millones.\u00a0<a href=\"https:\/\/www.clarin.com\/economia\/carta-cabaneros-pidiendo-auditoria-arroja-lena-fuego-interna-rural_0_YE1mdOfraa.html\" target=\"_blank\" class=\"feedzy-rss-link-icon\">Read More<\/a><\/p>","protected":false},"excerpt":{"rendered":"<p>La fuerte disputa entre el Presidente y el Vice de la entidad gira en torno&#8230;<\/p>\n","protected":false},"author":1,"featured_media":0,"comment_status":"open","ping_status":"open","sticky":false,"template":"","format":"standard","meta":{"footnotes":""},"categories":[3],"tags":[],"class_list":["post-61477","post","type-post","status-publish","format-standard","has-post-thumbnail","hentry","category-nacionales"],"_links":{"self":[{"href":"https:\/\/masquenoticiastucuman.com.ar\/index.php?rest_route=\/wp\/v2\/posts\/61477","targetHints":{"allow":["GET"]}}],"collection":[{"href":"https:\/\/masquenoticiastucuman.com.ar\/index.php?rest_route=\/wp\/v2\/posts"}],"about":[{"href":"https:\/\/masquenoticiastucuman.com.ar\/index.php?rest_route=\/wp\/v2\/types\/post"}],"author":[{"embeddable":true,"href":"https:\/\/masquenoticiastucuman.com.ar\/index.php?rest_route=\/wp\/v2\/users\/1"}],"replies":[{"embeddable":true,"href":"https:\/\/masquenoticiastucuman.com.ar\/index.php?rest_route=%2Fwp%2Fv2%2Fcomments&post=61477"}],"version-history":[{"count":0,"href":"https:\/\/masquenoticiastucuman.com.ar\/index.php?rest_route=\/wp\/v2\/posts\/61477\/revisions"}],"wp:attachment":[{"href":"https:\/\/masquenoticiastucuman.com.ar\/index.php?rest_route=%2Fwp%2Fv2%2Fmedia&parent=61477"}],"wp:term":[{"taxonomy":"category","embeddable":true,"href":"https:\/\/masquenoticiastucuman.com.ar\/index.php?rest_route=%2Fwp%2Fv2%2Fcategories&post=61477"},{"taxonomy":"post_tag","embeddable":true,"href":"https:\/\/masquenoticiastucuman.com.ar\/index.php?rest_route=%2Fwp%2Fv2%2Ftags&post=61477"}],"curies":[{"name":"wp","href":"https:\/\/api.w.org\/{rel}","templated":true}]}}