{"id":61482,"date":"2026-04-27T18:23:40","date_gmt":"2026-04-27T21:23:40","guid":{"rendered":"http:\/\/masquenoticiastucuman.com.ar\/?p=61482"},"modified":"2026-04-27T18:23:40","modified_gmt":"2026-04-27T21:23:40","slug":"boca-quiere-estirar-su-racha-ante-cruzeiro-en-la-libertadores-los-once-que-pondra-ubeda-para-mantener-la-cima-de-su-grupo","status":"publish","type":"post","link":"https:\/\/masquenoticiastucuman.com.ar\/?p=61482","title":{"rendered":"Boca quiere estirar su racha ante Cruzeiro en la Libertadores: los once que pondr\u00e1 \u00dabeda para mantener la cima de su grupo"},"content":{"rendered":"<ul>\n<li>El equipo de \u00dabeda viaja a Belo Horizonte donde este martes buscar\u00e1 mantener el liderazgo en su grupo.<\/li>\n<li>Visita el Estadio Mineir\u00e3o donde tiene buenos recuerdos. El local necesita un buen resultado para no quedar lejos de los clasificados a octavos.<\/li>\n<\/ul>\n<p>\u200bEl equipo de \u00dabeda viaja a Belo Horizonte donde este martes buscar\u00e1 mantener el liderazgo en su grupo.Visita el Estadio Mineir\u00e3o donde tiene buenos recuerdos. El local necesita un buen resultado para no quedar lejos de los clasificados a octavos.\u00a0<a href=\"https:\/\/www.clarin.com\/deportes\/boca-quiere-estirar-racha-cruzeiro-libertadores-once-pondra-ubeda-mantener-cima-grupo_0_q9NvZXdIwJ.html\" target=\"_blank\" class=\"feedzy-rss-link-icon\">Read More<\/a><\/p>","protected":false},"excerpt":{"rendered":"<p>El equipo de \u00dabeda viaja a Belo Horizonte donde este martes buscar\u00e1 mantener el liderazgo&#8230;<\/p>\n","protected":false},"author":1,"featured_media":0,"comment_status":"open","ping_status":"open","sticky":false,"template":"","format":"standard","meta":{"footnotes":""},"categories":[6],"tags":[],"class_list":["post-61482","post","type-post","status-publish","format-standard","has-post-thumbnail","hentry","category-deportes"],"_links":{"self":[{"href":"https:\/\/masquenoticiastucuman.com.ar\/index.php?rest_route=\/wp\/v2\/posts\/61482","targetHints":{"allow":["GET"]}}],"collection":[{"href":"https:\/\/masquenoticiastucuman.com.ar\/index.php?rest_route=\/wp\/v2\/posts"}],"about":[{"href":"https:\/\/masquenoticiastucuman.com.ar\/index.php?rest_route=\/wp\/v2\/types\/post"}],"author":[{"embeddable":true,"href":"https:\/\/masquenoticiastucuman.com.ar\/index.php?rest_route=\/wp\/v2\/users\/1"}],"replies":[{"embeddable":true,"href":"https:\/\/masquenoticiastucuman.com.ar\/index.php?rest_route=%2Fwp%2Fv2%2Fcomments&post=61482"}],"version-history":[{"count":0,"href":"https:\/\/masquenoticiastucuman.com.ar\/index.php?rest_route=\/wp\/v2\/posts\/61482\/revisions"}],"wp:attachment":[{"href":"https:\/\/masquenoticiastucuman.com.ar\/index.php?rest_route=%2Fwp%2Fv2%2Fmedia&parent=61482"}],"wp:term":[{"taxonomy":"category","embeddable":true,"href":"https:\/\/masquenoticiastucuman.com.ar\/index.php?rest_route=%2Fwp%2Fv2%2Fcategories&post=61482"},{"taxonomy":"post_tag","embeddable":true,"href":"https:\/\/masquenoticiastucuman.com.ar\/index.php?rest_route=%2Fwp%2Fv2%2Ftags&post=61482"}],"curies":[{"name":"wp","href":"https:\/\/api.w.org\/{rel}","templated":true}]}}