{"id":61483,"date":"2026-04-27T17:09:05","date_gmt":"2026-04-27T20:09:05","guid":{"rendered":"http:\/\/masquenoticiastucuman.com.ar\/?p=61483"},"modified":"2026-04-27T17:09:05","modified_gmt":"2026-04-27T20:09:05","slug":"river-del-esto-era-vietnam-de-coudet-a-sentir-que-puede-ser-campeon-aunque-no-puede-descuidar-a-la-sudamericana","status":"publish","type":"post","link":"https:\/\/masquenoticiastucuman.com.ar\/?p=61483","title":{"rendered":"River: del &#8220;esto era Vietnam&#8221; de Coudet a sentir que puede ser campe\u00f3n, aunque no puede descuidar a la Sudamericana"},"content":{"rendered":"<ul>\n<li>El triunfo ante Aldosivi sirvi\u00f3 para retomar el envi\u00f3n tras la ca\u00edda en el cl\u00e1sico.<\/li>\n<li>Chacho se mostr\u00f3 molesto en la conferencia. Siente que puede ir con el t\u00edtulo pero antes tiene un partido inc\u00f3modo ante Bragantino en San Pablo.<\/li>\n<li>De no traer un buen resultado, se podr\u00eda complicar la clasificaci\u00f3n en la Sudamericana.<\/li>\n<\/ul>\n<p>\u200bEl triunfo ante Aldosivi sirvi\u00f3 para retomar el envi\u00f3n tras la ca\u00edda en el cl\u00e1sico.Chacho se mostr\u00f3 molesto en la conferencia. Siente que puede ir con el t\u00edtulo pero antes tiene un partido inc\u00f3modo ante Bragantino en San Pablo.De no traer un buen resultado, se podr\u00eda complicar la clasificaci\u00f3n en la Sudamericana.\u00a0<a href=\"https:\/\/www.clarin.com\/deportes\/river-vietnam-coudet-sentir-puede-campeon-puede-descuidar-sudamericana_0_dR0fctxSKd.html\" target=\"_blank\" class=\"feedzy-rss-link-icon\">Read More<\/a><\/p>","protected":false},"excerpt":{"rendered":"<p>El triunfo ante Aldosivi sirvi\u00f3 para retomar el envi\u00f3n tras la ca\u00edda en el cl\u00e1sico&#8230;.<\/p>\n","protected":false},"author":1,"featured_media":0,"comment_status":"open","ping_status":"open","sticky":false,"template":"","format":"standard","meta":{"footnotes":""},"categories":[6],"tags":[],"class_list":["post-61483","post","type-post","status-publish","format-standard","has-post-thumbnail","hentry","category-deportes"],"_links":{"self":[{"href":"https:\/\/masquenoticiastucuman.com.ar\/index.php?rest_route=\/wp\/v2\/posts\/61483","targetHints":{"allow":["GET"]}}],"collection":[{"href":"https:\/\/masquenoticiastucuman.com.ar\/index.php?rest_route=\/wp\/v2\/posts"}],"about":[{"href":"https:\/\/masquenoticiastucuman.com.ar\/index.php?rest_route=\/wp\/v2\/types\/post"}],"author":[{"embeddable":true,"href":"https:\/\/masquenoticiastucuman.com.ar\/index.php?rest_route=\/wp\/v2\/users\/1"}],"replies":[{"embeddable":true,"href":"https:\/\/masquenoticiastucuman.com.ar\/index.php?rest_route=%2Fwp%2Fv2%2Fcomments&post=61483"}],"version-history":[{"count":0,"href":"https:\/\/masquenoticiastucuman.com.ar\/index.php?rest_route=\/wp\/v2\/posts\/61483\/revisions"}],"wp:attachment":[{"href":"https:\/\/masquenoticiastucuman.com.ar\/index.php?rest_route=%2Fwp%2Fv2%2Fmedia&parent=61483"}],"wp:term":[{"taxonomy":"category","embeddable":true,"href":"https:\/\/masquenoticiastucuman.com.ar\/index.php?rest_route=%2Fwp%2Fv2%2Fcategories&post=61483"},{"taxonomy":"post_tag","embeddable":true,"href":"https:\/\/masquenoticiastucuman.com.ar\/index.php?rest_route=%2Fwp%2Fv2%2Ftags&post=61483"}],"curies":[{"name":"wp","href":"https:\/\/api.w.org\/{rel}","templated":true}]}}