{"id":61486,"date":"2026-04-27T19:01:27","date_gmt":"2026-04-27T22:01:27","guid":{"rendered":"http:\/\/masquenoticiastucuman.com.ar\/?p=61486"},"modified":"2026-04-27T19:01:27","modified_gmt":"2026-04-27T22:01:27","slug":"lo-ataques-con-explosivos-agitan-colombia-a-poco-mas-de-un-mes-de-la-eleccion-presidencial","status":"publish","type":"post","link":"https:\/\/masquenoticiastucuman.com.ar\/?p=61486","title":{"rendered":"Lo ataques con explosivos agitan Colombia, a poco m\u00e1s de un mes de la elecci\u00f3n presidencial"},"content":{"rendered":"<ul>\n<li>Las autoridades de seguridad cifraron en 26 los atentados en el suroeste del pa\u00eds durante los \u00faltimos d\u00edas.<\/li>\n<li>La violencia en esa regi\u00f3n del pa\u00eds no es nueva. Los grupos ilegales han tratado de controlar la zona por d\u00e9cadas por considerarla estrat\u00e9gica para il\u00edcitos como la miner\u00eda ilegal y el narcotr\u00e1fico.<\/li>\n<\/ul>\n<p>\u200bLas autoridades de seguridad cifraron en 26 los atentados en el suroeste del pa\u00eds durante los \u00faltimos d\u00edas.La violencia en esa regi\u00f3n del pa\u00eds no es nueva. Los grupos ilegales han tratado de controlar la zona por d\u00e9cadas por considerarla estrat\u00e9gica para il\u00edcitos como la miner\u00eda ilegal y el narcotr\u00e1fico.\u00a0<a href=\"https:\/\/www.clarin.com\/mundo\/ataques-explosivos-agitan-colombia-mes-eleccion-presidencial_0_Q7JF4m0eRN.html\" target=\"_blank\" class=\"feedzy-rss-link-icon\">Read More<\/a><\/p>","protected":false},"excerpt":{"rendered":"<p>Las autoridades de seguridad cifraron en 26 los atentados en el suroeste del pa\u00eds durante&#8230;<\/p>\n","protected":false},"author":1,"featured_media":61487,"comment_status":"open","ping_status":"open","sticky":false,"template":"","format":"standard","meta":{"footnotes":""},"categories":[4],"tags":[],"class_list":["post-61486","post","type-post","status-publish","format-standard","has-post-thumbnail","hentry","category-internacionales"],"_links":{"self":[{"href":"https:\/\/masquenoticiastucuman.com.ar\/index.php?rest_route=\/wp\/v2\/posts\/61486","targetHints":{"allow":["GET"]}}],"collection":[{"href":"https:\/\/masquenoticiastucuman.com.ar\/index.php?rest_route=\/wp\/v2\/posts"}],"about":[{"href":"https:\/\/masquenoticiastucuman.com.ar\/index.php?rest_route=\/wp\/v2\/types\/post"}],"author":[{"embeddable":true,"href":"https:\/\/masquenoticiastucuman.com.ar\/index.php?rest_route=\/wp\/v2\/users\/1"}],"replies":[{"embeddable":true,"href":"https:\/\/masquenoticiastucuman.com.ar\/index.php?rest_route=%2Fwp%2Fv2%2Fcomments&post=61486"}],"version-history":[{"count":0,"href":"https:\/\/masquenoticiastucuman.com.ar\/index.php?rest_route=\/wp\/v2\/posts\/61486\/revisions"}],"wp:featuredmedia":[{"embeddable":true,"href":"https:\/\/masquenoticiastucuman.com.ar\/index.php?rest_route=\/wp\/v2\/media\/61487"}],"wp:attachment":[{"href":"https:\/\/masquenoticiastucuman.com.ar\/index.php?rest_route=%2Fwp%2Fv2%2Fmedia&parent=61486"}],"wp:term":[{"taxonomy":"category","embeddable":true,"href":"https:\/\/masquenoticiastucuman.com.ar\/index.php?rest_route=%2Fwp%2Fv2%2Fcategories&post=61486"},{"taxonomy":"post_tag","embeddable":true,"href":"https:\/\/masquenoticiastucuman.com.ar\/index.php?rest_route=%2Fwp%2Fv2%2Ftags&post=61486"}],"curies":[{"name":"wp","href":"https:\/\/api.w.org\/{rel}","templated":true}]}}