{"id":61488,"date":"2026-04-27T20:12:50","date_gmt":"2026-04-27T23:12:50","guid":{"rendered":"http:\/\/masquenoticiastucuman.com.ar\/?p=61488"},"modified":"2026-04-27T20:12:50","modified_gmt":"2026-04-27T23:12:50","slug":"ramon-diaz-a-fondo-el-palo-para-gallardo-pidio-tiempo-para-coudet-y-de-que-manera-volveria-al-monumental","status":"publish","type":"post","link":"https:\/\/masquenoticiastucuman.com.ar\/?p=61488","title":{"rendered":"Ram\u00f3n D\u00edaz, a fondo: el palo para Gallardo, pidi\u00f3 &#8220;tiempo&#8221; para Coudet y de qu\u00e9 manera volver\u00eda al Monumental"},"content":{"rendered":"<ul>\n<li>El \u00eddolo de River rompi\u00f3 el silencio y se refiri\u00f3 al llamado que le hubiera gustado recibir del Mu\u00f1eco, el presente del Chacho y m\u00e1s temas del club.<\/li>\n<\/ul>\n<p>\u200bEl \u00eddolo de River rompi\u00f3 el silencio y se refiri\u00f3 al llamado que le hubiera gustado recibir del Mu\u00f1eco, el presente del Chacho y m\u00e1s temas del club.\u00a0<a href=\"https:\/\/www.clarin.com\/deportes\/ramon-diaz-fondo-palo-gallardo-pidio-tiempo-coudet-manera-volveria-monumental_0_dbdHGrKF2s.html\" target=\"_blank\" class=\"feedzy-rss-link-icon\">Read More<\/a><\/p>","protected":false},"excerpt":{"rendered":"<p>El \u00eddolo de River rompi\u00f3 el silencio y se refiri\u00f3 al llamado que le hubiera&#8230;<\/p>\n","protected":false},"author":1,"featured_media":0,"comment_status":"open","ping_status":"open","sticky":false,"template":"","format":"standard","meta":{"footnotes":""},"categories":[6],"tags":[],"class_list":["post-61488","post","type-post","status-publish","format-standard","has-post-thumbnail","hentry","category-deportes"],"_links":{"self":[{"href":"https:\/\/masquenoticiastucuman.com.ar\/index.php?rest_route=\/wp\/v2\/posts\/61488","targetHints":{"allow":["GET"]}}],"collection":[{"href":"https:\/\/masquenoticiastucuman.com.ar\/index.php?rest_route=\/wp\/v2\/posts"}],"about":[{"href":"https:\/\/masquenoticiastucuman.com.ar\/index.php?rest_route=\/wp\/v2\/types\/post"}],"author":[{"embeddable":true,"href":"https:\/\/masquenoticiastucuman.com.ar\/index.php?rest_route=\/wp\/v2\/users\/1"}],"replies":[{"embeddable":true,"href":"https:\/\/masquenoticiastucuman.com.ar\/index.php?rest_route=%2Fwp%2Fv2%2Fcomments&post=61488"}],"version-history":[{"count":0,"href":"https:\/\/masquenoticiastucuman.com.ar\/index.php?rest_route=\/wp\/v2\/posts\/61488\/revisions"}],"wp:attachment":[{"href":"https:\/\/masquenoticiastucuman.com.ar\/index.php?rest_route=%2Fwp%2Fv2%2Fmedia&parent=61488"}],"wp:term":[{"taxonomy":"category","embeddable":true,"href":"https:\/\/masquenoticiastucuman.com.ar\/index.php?rest_route=%2Fwp%2Fv2%2Fcategories&post=61488"},{"taxonomy":"post_tag","embeddable":true,"href":"https:\/\/masquenoticiastucuman.com.ar\/index.php?rest_route=%2Fwp%2Fv2%2Ftags&post=61488"}],"curies":[{"name":"wp","href":"https:\/\/api.w.org\/{rel}","templated":true}]}}