{"id":61490,"date":"2026-04-27T22:02:13","date_gmt":"2026-04-28T01:02:13","guid":{"rendered":"http:\/\/masquenoticiastucuman.com.ar\/?p=61490"},"modified":"2026-04-27T22:02:13","modified_gmt":"2026-04-28T01:02:13","slug":"la-justicia-proceso-a-la-cadena-de-supermercados-dia-por-evasion-previsional","status":"publish","type":"post","link":"https:\/\/masquenoticiastucuman.com.ar\/?p=61490","title":{"rendered":"La Justicia proces\u00f3 a la cadena de supermercados D\u00eda por evasi\u00f3n previsional"},"content":{"rendered":"<ul>\n<li>La investigan por evadir el pago de obligaciones de la seguridad social.<\/li>\n<li>El  juzgado dict\u00f3 un embargo por $ 800 millones.<\/li>\n<\/ul>\n<p>\u200bLa investigan por evadir el pago de obligaciones de la seguridad social.El  juzgado dict\u00f3 un embargo por $ 800 millones.\u00a0<a href=\"https:\/\/www.clarin.com\/economia\/justicia-proceso-cadena-supermercados-dia-evasion-previsional_0_E1GsUgr2rF.html\" target=\"_blank\" class=\"feedzy-rss-link-icon\">Read More<\/a><\/p>","protected":false},"excerpt":{"rendered":"<p>La investigan por evadir el pago de obligaciones de la seguridad social. El juzgado dict\u00f3&#8230;<\/p>\n","protected":false},"author":1,"featured_media":0,"comment_status":"open","ping_status":"open","sticky":false,"template":"","format":"standard","meta":{"footnotes":""},"categories":[3],"tags":[],"class_list":["post-61490","post","type-post","status-publish","format-standard","has-post-thumbnail","hentry","category-nacionales"],"_links":{"self":[{"href":"https:\/\/masquenoticiastucuman.com.ar\/index.php?rest_route=\/wp\/v2\/posts\/61490","targetHints":{"allow":["GET"]}}],"collection":[{"href":"https:\/\/masquenoticiastucuman.com.ar\/index.php?rest_route=\/wp\/v2\/posts"}],"about":[{"href":"https:\/\/masquenoticiastucuman.com.ar\/index.php?rest_route=\/wp\/v2\/types\/post"}],"author":[{"embeddable":true,"href":"https:\/\/masquenoticiastucuman.com.ar\/index.php?rest_route=\/wp\/v2\/users\/1"}],"replies":[{"embeddable":true,"href":"https:\/\/masquenoticiastucuman.com.ar\/index.php?rest_route=%2Fwp%2Fv2%2Fcomments&post=61490"}],"version-history":[{"count":0,"href":"https:\/\/masquenoticiastucuman.com.ar\/index.php?rest_route=\/wp\/v2\/posts\/61490\/revisions"}],"wp:attachment":[{"href":"https:\/\/masquenoticiastucuman.com.ar\/index.php?rest_route=%2Fwp%2Fv2%2Fmedia&parent=61490"}],"wp:term":[{"taxonomy":"category","embeddable":true,"href":"https:\/\/masquenoticiastucuman.com.ar\/index.php?rest_route=%2Fwp%2Fv2%2Fcategories&post=61490"},{"taxonomy":"post_tag","embeddable":true,"href":"https:\/\/masquenoticiastucuman.com.ar\/index.php?rest_route=%2Fwp%2Fv2%2Ftags&post=61490"}],"curies":[{"name":"wp","href":"https:\/\/api.w.org\/{rel}","templated":true}]}}