{"id":61492,"date":"2026-04-28T04:50:25","date_gmt":"2026-04-28T07:50:25","guid":{"rendered":"http:\/\/masquenoticiastucuman.com.ar\/?p=61492"},"modified":"2026-04-28T04:50:25","modified_gmt":"2026-04-28T07:50:25","slug":"cayo-el-jardinero-lider-del-cartel-jalisco-y-posible-sucesor-de-el-mencho-por-quien-estados-unidos-ofrecia-usd-5-millones","status":"publish","type":"post","link":"https:\/\/masquenoticiastucuman.com.ar\/?p=61492","title":{"rendered":"Cay\u00f3 \u201cEl Jardinero\u201d, l\u00edder del Cartel Jalisco y posible sucesor de \u201cEl Mencho\u201d, por quien Estados Unidos ofrec\u00eda USD 5 millones"},"content":{"rendered":"<ul>\n<li>El arresto de Audias Flores Silva se llev\u00f3 a cabo en el estado de Nayarit, en una regi\u00f3n del oeste de M\u00e9xico con fuerte presencia del CJNG. <\/li>\n<li>Fue dos meses despu\u00e9s de la muerte de Nemesio Oseguera Cervantes, en un operativo militar. <\/li>\n<li>Tambi\u00e9n detuvieron al presunto operador financiero de la organizaci\u00f3n declarada terrorista por Argentina.<\/li>\n<\/ul>\n<p>\u200bEl arresto de Audias Flores Silva se llev\u00f3 a cabo en el estado de Nayarit, en una regi\u00f3n del oeste de M\u00e9xico con fuerte presencia del CJNG. Fue dos meses despu\u00e9s de la muerte de Nemesio Oseguera Cervantes, en un operativo militar. Tambi\u00e9n detuvieron al presunto operador financiero de la organizaci\u00f3n declarada terrorista por Argentina.\u00a0<a href=\"https:\/\/www.clarin.com\/mundo\/cayo-jardinero-lider-cartel-jalisco-posible-sucesor-mencho-estados-unidos-ofrecia-usd-5-millones_0_12WoJSslTq.html\" target=\"_blank\" class=\"feedzy-rss-link-icon\">Read More<\/a><\/p>","protected":false},"excerpt":{"rendered":"<p>El arresto de Audias Flores Silva se llev\u00f3 a cabo en el estado de Nayarit,&#8230;<\/p>\n","protected":false},"author":1,"featured_media":61493,"comment_status":"open","ping_status":"open","sticky":false,"template":"","format":"standard","meta":{"footnotes":""},"categories":[4],"tags":[],"class_list":["post-61492","post","type-post","status-publish","format-standard","has-post-thumbnail","hentry","category-internacionales"],"_links":{"self":[{"href":"https:\/\/masquenoticiastucuman.com.ar\/index.php?rest_route=\/wp\/v2\/posts\/61492","targetHints":{"allow":["GET"]}}],"collection":[{"href":"https:\/\/masquenoticiastucuman.com.ar\/index.php?rest_route=\/wp\/v2\/posts"}],"about":[{"href":"https:\/\/masquenoticiastucuman.com.ar\/index.php?rest_route=\/wp\/v2\/types\/post"}],"author":[{"embeddable":true,"href":"https:\/\/masquenoticiastucuman.com.ar\/index.php?rest_route=\/wp\/v2\/users\/1"}],"replies":[{"embeddable":true,"href":"https:\/\/masquenoticiastucuman.com.ar\/index.php?rest_route=%2Fwp%2Fv2%2Fcomments&post=61492"}],"version-history":[{"count":0,"href":"https:\/\/masquenoticiastucuman.com.ar\/index.php?rest_route=\/wp\/v2\/posts\/61492\/revisions"}],"wp:featuredmedia":[{"embeddable":true,"href":"https:\/\/masquenoticiastucuman.com.ar\/index.php?rest_route=\/wp\/v2\/media\/61493"}],"wp:attachment":[{"href":"https:\/\/masquenoticiastucuman.com.ar\/index.php?rest_route=%2Fwp%2Fv2%2Fmedia&parent=61492"}],"wp:term":[{"taxonomy":"category","embeddable":true,"href":"https:\/\/masquenoticiastucuman.com.ar\/index.php?rest_route=%2Fwp%2Fv2%2Fcategories&post=61492"},{"taxonomy":"post_tag","embeddable":true,"href":"https:\/\/masquenoticiastucuman.com.ar\/index.php?rest_route=%2Fwp%2Fv2%2Ftags&post=61492"}],"curies":[{"name":"wp","href":"https:\/\/api.w.org\/{rel}","templated":true}]}}