{"id":61494,"date":"2026-04-28T05:31:32","date_gmt":"2026-04-28T08:31:32","guid":{"rendered":"http:\/\/masquenoticiastucuman.com.ar\/?p=61494"},"modified":"2026-04-28T05:31:32","modified_gmt":"2026-04-28T08:31:32","slug":"gabriela-sabatini-y-su-idilio-con-el-publico-tras-anos-de-duras-criticas-me-emociona-enormemente-cada-momento-que-vivo-con-la-gente","status":"publish","type":"post","link":"https:\/\/masquenoticiastucuman.com.ar\/?p=61494","title":{"rendered":"Gabriela Sabatini y su idilio con el p\u00fablico tras a\u00f1os de duras cr\u00edticas: &#8220;Me emociona enormemente cada momento que vivo con la gente&#8221;"},"content":{"rendered":"<ul>\n<li>&#8220;Hoy disfruto mucho de toda esta conexi\u00f3n que hay. Es algo maravilloso, dif\u00edcil de explicar&#8221;, le cont\u00f3 a Clar\u00edn la campeona del US Open 1990, de 55 a\u00f1os.<\/li>\n<li>&#8220;Es dif\u00edcil cuando una escucha o lee algo negativo en alguna nota: que no di todo, que no pod\u00eda llegar a tal punto o ganar tal torneo&#8221;, coment\u00f3 respecto a los cuestionamientos.<\/li>\n<li>Adem\u00e1s, explic\u00f3 su reencuentro con el tenis despu\u00e9s de un tiempo alejada de los <em>courts<\/em>: &#8220;Es parte de mi vida&#8221;.<\/li>\n<\/ul>\n<p>\u200b&#8221;Hoy disfruto mucho de toda esta conexi\u00f3n que hay. Es algo maravilloso, dif\u00edcil de explicar&#8221;, le cont\u00f3 a Clar\u00edn la campeona del US Open 1990, de 55 a\u00f1os.&#8221;Es dif\u00edcil cuando una escucha o lee algo negativo en alguna nota: que no di todo, que no pod\u00eda llegar a tal punto o ganar tal torneo&#8221;, coment\u00f3 respecto a los cuestionamientos.Adem\u00e1s, explic\u00f3 su reencuentro con el tenis despu\u00e9s de un tiempo alejada de los courts: &#8220;Es parte de mi vida&#8221;.\u00a0<a href=\"https:\/\/www.clarin.com\/deportes\/gabriela-sabatini-idilio-publico-anos-duras-criticas-emociona-enormemente-momento-vivo-gente_0_gjaSMsTzD8.html\" target=\"_blank\" class=\"feedzy-rss-link-icon\">Read More<\/a><\/p>","protected":false},"excerpt":{"rendered":"<p>&#8220;Hoy disfruto mucho de toda esta conexi\u00f3n que hay. Es algo maravilloso, dif\u00edcil de explicar&#8221;,&#8230;<\/p>\n","protected":false},"author":1,"featured_media":0,"comment_status":"open","ping_status":"open","sticky":false,"template":"","format":"standard","meta":{"footnotes":""},"categories":[6],"tags":[],"class_list":["post-61494","post","type-post","status-publish","format-standard","has-post-thumbnail","hentry","category-deportes"],"_links":{"self":[{"href":"https:\/\/masquenoticiastucuman.com.ar\/index.php?rest_route=\/wp\/v2\/posts\/61494","targetHints":{"allow":["GET"]}}],"collection":[{"href":"https:\/\/masquenoticiastucuman.com.ar\/index.php?rest_route=\/wp\/v2\/posts"}],"about":[{"href":"https:\/\/masquenoticiastucuman.com.ar\/index.php?rest_route=\/wp\/v2\/types\/post"}],"author":[{"embeddable":true,"href":"https:\/\/masquenoticiastucuman.com.ar\/index.php?rest_route=\/wp\/v2\/users\/1"}],"replies":[{"embeddable":true,"href":"https:\/\/masquenoticiastucuman.com.ar\/index.php?rest_route=%2Fwp%2Fv2%2Fcomments&post=61494"}],"version-history":[{"count":0,"href":"https:\/\/masquenoticiastucuman.com.ar\/index.php?rest_route=\/wp\/v2\/posts\/61494\/revisions"}],"wp:attachment":[{"href":"https:\/\/masquenoticiastucuman.com.ar\/index.php?rest_route=%2Fwp%2Fv2%2Fmedia&parent=61494"}],"wp:term":[{"taxonomy":"category","embeddable":true,"href":"https:\/\/masquenoticiastucuman.com.ar\/index.php?rest_route=%2Fwp%2Fv2%2Fcategories&post=61494"},{"taxonomy":"post_tag","embeddable":true,"href":"https:\/\/masquenoticiastucuman.com.ar\/index.php?rest_route=%2Fwp%2Fv2%2Ftags&post=61494"}],"curies":[{"name":"wp","href":"https:\/\/api.w.org\/{rel}","templated":true}]}}