{"id":61496,"date":"2026-04-28T07:17:46","date_gmt":"2026-04-28T10:17:46","guid":{"rendered":"https:\/\/masquenoticiastucuman.com.ar\/?p=61496"},"modified":"2026-04-28T07:17:46","modified_gmt":"2026-04-28T10:17:46","slug":"acreditan-mas-de-1-500-millones-por-el-70-del-tabaco-entregado-en-marzo","status":"publish","type":"post","link":"https:\/\/masquenoticiastucuman.com.ar\/?p=61496","title":{"rendered":"Acreditan m\u00e1s de $1.500 millones por el 70% del tabaco entregado en marzo"},"content":{"rendered":"\n<p>El Gobierno provincial inform\u00f3 que se distribuir\u00e1n m\u00e1s de $1.569 millones correspondientes a la campa\u00f1a 2025\/2026. La mayor parte estar\u00e1 disponible desde el 28 de abril en cuentas del Banco Macro, mientras que el resto se abonar\u00e1 en los d\u00edas siguientes.<\/p>\n\n\n\n<p id=\"isPasted\">La Subsecretar\u00eda de Desarrollo Productivo, dependiente de la Secretar\u00eda de Producci\u00f3n, inform\u00f3 a productores tabacaleros que, en el d\u00eda de la fecha, se realizar\u00e1 el pago correspondiente al 70% del tabaco entregado en el mes de marzo.<\/p>\n\n\n\n<p>Seg\u00fan detall\u00f3 la Divisi\u00f3n Tabaco, el monto de esta liquidaci\u00f3n constituye un total de $1.569.012.148,97 y est\u00e1 destinado a productores del sector por la comercializaci\u00f3n del tabaco producido durante la Campa\u00f1a 2025\/2026.<\/p>\n\n\n\n<p>El pago de aproximadamente $1.191.000.000 estar\u00e1 disponible a partir del martes 28 de abril en cuentas Banco Macro de los productores; mientras que lo correspondiente a la venta de tabaco en acopio La Ca\u00f1ada y acopio Tadeva ($377.000.000 aprox.) se cobrar\u00e1 en d\u00edas posteriores, debido a la presentaci\u00f3n tard\u00eda de facturas.&nbsp;<\/p>\n\n\n\n<p>No obstante, desde el organismo provincial, confirmaron que la totalidad de la liquidaci\u00f3n ya se encuentra en circuito de pago.<\/p>\n","protected":false},"excerpt":{"rendered":"<p>El Gobierno provincial inform\u00f3 que se distribuir\u00e1n m\u00e1s de $1.569 millones correspondientes a la campa\u00f1a&#8230;<\/p>\n","protected":false},"author":2,"featured_media":61497,"comment_status":"open","ping_status":"open","sticky":false,"template":"","format":"standard","meta":{"footnotes":""},"categories":[2],"tags":[],"class_list":["post-61496","post","type-post","status-publish","format-standard","has-post-thumbnail","hentry","category-locales"],"_links":{"self":[{"href":"https:\/\/masquenoticiastucuman.com.ar\/index.php?rest_route=\/wp\/v2\/posts\/61496","targetHints":{"allow":["GET"]}}],"collection":[{"href":"https:\/\/masquenoticiastucuman.com.ar\/index.php?rest_route=\/wp\/v2\/posts"}],"about":[{"href":"https:\/\/masquenoticiastucuman.com.ar\/index.php?rest_route=\/wp\/v2\/types\/post"}],"author":[{"embeddable":true,"href":"https:\/\/masquenoticiastucuman.com.ar\/index.php?rest_route=\/wp\/v2\/users\/2"}],"replies":[{"embeddable":true,"href":"https:\/\/masquenoticiastucuman.com.ar\/index.php?rest_route=%2Fwp%2Fv2%2Fcomments&post=61496"}],"version-history":[{"count":1,"href":"https:\/\/masquenoticiastucuman.com.ar\/index.php?rest_route=\/wp\/v2\/posts\/61496\/revisions"}],"predecessor-version":[{"id":61498,"href":"https:\/\/masquenoticiastucuman.com.ar\/index.php?rest_route=\/wp\/v2\/posts\/61496\/revisions\/61498"}],"wp:featuredmedia":[{"embeddable":true,"href":"https:\/\/masquenoticiastucuman.com.ar\/index.php?rest_route=\/wp\/v2\/media\/61497"}],"wp:attachment":[{"href":"https:\/\/masquenoticiastucuman.com.ar\/index.php?rest_route=%2Fwp%2Fv2%2Fmedia&parent=61496"}],"wp:term":[{"taxonomy":"category","embeddable":true,"href":"https:\/\/masquenoticiastucuman.com.ar\/index.php?rest_route=%2Fwp%2Fv2%2Fcategories&post=61496"},{"taxonomy":"post_tag","embeddable":true,"href":"https:\/\/masquenoticiastucuman.com.ar\/index.php?rest_route=%2Fwp%2Fv2%2Ftags&post=61496"}],"curies":[{"name":"wp","href":"https:\/\/api.w.org\/{rel}","templated":true}]}}