{"id":61499,"date":"2026-04-28T07:23:06","date_gmt":"2026-04-28T10:23:06","guid":{"rendered":"https:\/\/masquenoticiastucuman.com.ar\/?p=61499"},"modified":"2026-04-28T07:23:07","modified_gmt":"2026-04-28T10:23:07","slug":"tucuman-contabiliza-346-casos-de-chikungunya-confirmados","status":"publish","type":"post","link":"https:\/\/masquenoticiastucuman.com.ar\/?p=61499","title":{"rendered":"Tucum\u00e1n contabiliza 346 casos de Chikungunya confirmados"},"content":{"rendered":"\n<p>La provincia fortalece el seguimiento epidemiol\u00f3gico y la respuesta sanitaria integral.<\/p>\n\n\n\n<p id=\"isPasted\">En una nueva sala de situaci\u00f3n encabezada por el Ministerio de Salud P\u00fablica de Tucum\u00e1n, conducido por el doctor&nbsp;<strong>Luis Medina Ruiz<\/strong>, se analiz\u00f3 el estado epidemiol\u00f3gico de la provincia, en un trabajo articulado que responde a los lineamientos impulsados por el gobernador<strong>&nbsp;Osvaldo Jaldo<\/strong>&nbsp;para fortalecer el sistema sanitario.<\/p>\n\n\n\n<p>Del encuentro participaron el subsecretario de Salud, doctor&nbsp;<strong>Marcelo Montoya<\/strong>; la subsecretaria de Salud, doctora&nbsp;<strong>Cristina Majul;<\/strong>&nbsp;la doctora&nbsp;<strong>Noelia Bottone<\/strong>; la doctora&nbsp;<strong>Alejandra Mattiacc<\/strong>i; el equipo de Epidemiolog\u00eda a cargo de la doctora&nbsp;<strong>Romina Cuezzo<\/strong>; la doctora&nbsp;<strong>Silvana Miranda<\/strong>, jefa del Departamento de Vigilancia; y representantes de la Direcci\u00f3n de Salud Mental encabezados por la doctora&nbsp;<strong>M\u00f3nica Gonz\u00e1lez<\/strong>, junto a la licenciada&nbsp;<strong>Irma Thomas<\/strong>, el doctor&nbsp;<strong>Juan Zelaya Conti<\/strong>&nbsp;y el licenciado&nbsp;<strong>V\u00edctor Abad<\/strong>.<\/p>\n\n\n\n<figure class=\"wp-block-image size-full\"><img loading=\"lazy\" decoding=\"async\" width=\"730\" height=\"473\" src=\"https:\/\/masquenoticiastucuman.com.ar\/wp-content\/uploads\/2026\/04\/730x473_260427185907_96105.jpg\" alt=\"\" class=\"wp-image-61500\" srcset=\"https:\/\/masquenoticiastucuman.com.ar\/wp-content\/uploads\/2026\/04\/730x473_260427185907_96105.jpg 730w, https:\/\/masquenoticiastucuman.com.ar\/wp-content\/uploads\/2026\/04\/730x473_260427185907_96105-300x194.jpg 300w\" sizes=\"auto, (max-width: 730px) 100vw, 730px\" \/><\/figure>\n\n\n\n<p>Durante la jornada, la Direcci\u00f3n de Epidemiolog\u00eda present\u00f3 un informe actualizado de la situaci\u00f3n sanitaria. En ese marco, el doctor Marcelo Montoya explic\u00f3 que se registra un incremento de casos de chikungunya en la regi\u00f3n, con especial impacto en provincias del norte como Salta, lo que genera una repercusi\u00f3n directa en Tucum\u00e1n, donde actualmente se contabilizan 346 casos confirmados.<\/p>\n\n\n\n<p>El funcionario detall\u00f3 que los focos se mantienen localizados principalmente en zonas del sudeste y sudoeste de la capital, as\u00ed como en El Manantial, y remarc\u00f3 que se intensifican las acciones de vigilancia, la eliminaci\u00f3n de criaderos de mosquitos y la b\u00fasqueda activa de personas con s\u00edntomas febriles. Adem\u00e1s, subray\u00f3 la importancia del compromiso comunitario en la prevenci\u00f3n de enfermedades transmitidas por mosquitos.<\/p>\n\n\n\n<p>A nivel nacional, se notificaron m\u00e1s de 6.500 casos sospechosos de fiebre chikungunya, con mayor incidencia en el Noroeste argentino. En Salta, los casos confirmados superan los mil, concentr\u00e1ndose principalmente en el departamento General Jos\u00e9 de San Mart\u00edn. En Tucum\u00e1n, cerca de la mitad de los casos contin\u00faan activos, con potencial de transmisi\u00f3n, siendo los s\u00edntomas predominantes la fiebre y los intensos dolores articulares. Cabe destacar que la provincia no registra casos de dengue en la presente temporada.<\/p>\n\n\n\n<p>En paralelo, se abord\u00f3 la situaci\u00f3n de las enfermedades respiratorias, donde se observa una circulaci\u00f3n predominante de rinovirus e influenza A. Si bien se evidencia un aumento progresivo en las consultas, los indicadores se mantienen dentro de los par\u00e1metros esperados para la \u00e9poca, sin configurar un escenario epid\u00e9mico. No obstante, desde la cartera sanitaria se refuerza la preparaci\u00f3n de los servicios ante la llegada de las bajas temperaturas.<\/p>\n\n\n\n<p>Por otra parte, el equipo de Salud Mental present\u00f3 un balance de gesti\u00f3n, donde se evidenci\u00f3 un incremento en la demanda de atenci\u00f3n, principalmente por trastornos de ansiedad. En este sentido, Montoya destac\u00f3 que actualmente el \u00e1rea program\u00e1tica centro cuenta con un 95% de cobertura en prestaciones de salud mental, y que uno de los objetivos es replicar este alcance en el resto de la provincia.<\/p>\n\n\n\n<p>Finalmente, el subsecretario resalt\u00f3 que estas instancias de an\u00e1lisis permiten anticipar escenarios y optimizar la respuesta del sistema sanitario. En este contexto, el Ministerio de Salud P\u00fablica reafirma su compromiso con una vigilancia permanente, el fortalecimiento de los servicios y la implementaci\u00f3n de estrategias integrales que garanticen el acceso a la salud en toda la provincia.<\/p>\n","protected":false},"excerpt":{"rendered":"<p>La provincia fortalece el seguimiento epidemiol\u00f3gico y la respuesta sanitaria integral. En una nueva sala&#8230;<\/p>\n","protected":false},"author":2,"featured_media":61501,"comment_status":"open","ping_status":"open","sticky":false,"template":"","format":"standard","meta":{"footnotes":""},"categories":[2],"tags":[],"class_list":["post-61499","post","type-post","status-publish","format-standard","has-post-thumbnail","hentry","category-locales"],"_links":{"self":[{"href":"https:\/\/masquenoticiastucuman.com.ar\/index.php?rest_route=\/wp\/v2\/posts\/61499","targetHints":{"allow":["GET"]}}],"collection":[{"href":"https:\/\/masquenoticiastucuman.com.ar\/index.php?rest_route=\/wp\/v2\/posts"}],"about":[{"href":"https:\/\/masquenoticiastucuman.com.ar\/index.php?rest_route=\/wp\/v2\/types\/post"}],"author":[{"embeddable":true,"href":"https:\/\/masquenoticiastucuman.com.ar\/index.php?rest_route=\/wp\/v2\/users\/2"}],"replies":[{"embeddable":true,"href":"https:\/\/masquenoticiastucuman.com.ar\/index.php?rest_route=%2Fwp%2Fv2%2Fcomments&post=61499"}],"version-history":[{"count":1,"href":"https:\/\/masquenoticiastucuman.com.ar\/index.php?rest_route=\/wp\/v2\/posts\/61499\/revisions"}],"predecessor-version":[{"id":61502,"href":"https:\/\/masquenoticiastucuman.com.ar\/index.php?rest_route=\/wp\/v2\/posts\/61499\/revisions\/61502"}],"wp:featuredmedia":[{"embeddable":true,"href":"https:\/\/masquenoticiastucuman.com.ar\/index.php?rest_route=\/wp\/v2\/media\/61501"}],"wp:attachment":[{"href":"https:\/\/masquenoticiastucuman.com.ar\/index.php?rest_route=%2Fwp%2Fv2%2Fmedia&parent=61499"}],"wp:term":[{"taxonomy":"category","embeddable":true,"href":"https:\/\/masquenoticiastucuman.com.ar\/index.php?rest_route=%2Fwp%2Fv2%2Fcategories&post=61499"},{"taxonomy":"post_tag","embeddable":true,"href":"https:\/\/masquenoticiastucuman.com.ar\/index.php?rest_route=%2Fwp%2Fv2%2Ftags&post=61499"}],"curies":[{"name":"wp","href":"https:\/\/api.w.org\/{rel}","templated":true}]}}