{"id":61503,"date":"2026-04-28T06:05:34","date_gmt":"2026-04-28T09:05:34","guid":{"rendered":"http:\/\/masquenoticiastucuman.com.ar\/?p=61503"},"modified":"2026-04-28T06:05:34","modified_gmt":"2026-04-28T09:05:34","slug":"despues-de-la-debacle-de-la-actividad-en-febrero-el-gobierno-se-ilusiona-con-los-signos-de-repunte-en-marzo","status":"publish","type":"post","link":"https:\/\/masquenoticiastucuman.com.ar\/?p=61503","title":{"rendered":"Despu\u00e9s de la debacle de la actividad en febrero el Gobierno se ilusiona con los signos de repunte en marzo"},"content":{"rendered":"<ul>\n<li>Hubo recuperaci\u00f3n en la demanda el\u00e9ctrica y la producci\u00f3n de autos y acero.<\/li>\n<li>Sigue creciendo el patentamiento de motos.<\/li>\n<\/ul>\n<p>\u200bHubo recuperaci\u00f3n en la demanda el\u00e9ctrica y la producci\u00f3n de autos y acero.Sigue creciendo el patentamiento de motos.\u00a0<a href=\"https:\/\/www.clarin.com\/economia\/despues-debacle-actividad-febrero-gobierno-ilusiona-signos-repunte-marzo_0_PPD2juqKAf.html\" target=\"_blank\" class=\"feedzy-rss-link-icon\">Read More<\/a><\/p>","protected":false},"excerpt":{"rendered":"<p>Hubo recuperaci\u00f3n en la demanda el\u00e9ctrica y la producci\u00f3n de autos y acero. Sigue creciendo&#8230;<\/p>\n","protected":false},"author":1,"featured_media":0,"comment_status":"open","ping_status":"open","sticky":false,"template":"","format":"standard","meta":{"footnotes":""},"categories":[3],"tags":[],"class_list":["post-61503","post","type-post","status-publish","format-standard","has-post-thumbnail","hentry","category-nacionales"],"_links":{"self":[{"href":"https:\/\/masquenoticiastucuman.com.ar\/index.php?rest_route=\/wp\/v2\/posts\/61503","targetHints":{"allow":["GET"]}}],"collection":[{"href":"https:\/\/masquenoticiastucuman.com.ar\/index.php?rest_route=\/wp\/v2\/posts"}],"about":[{"href":"https:\/\/masquenoticiastucuman.com.ar\/index.php?rest_route=\/wp\/v2\/types\/post"}],"author":[{"embeddable":true,"href":"https:\/\/masquenoticiastucuman.com.ar\/index.php?rest_route=\/wp\/v2\/users\/1"}],"replies":[{"embeddable":true,"href":"https:\/\/masquenoticiastucuman.com.ar\/index.php?rest_route=%2Fwp%2Fv2%2Fcomments&post=61503"}],"version-history":[{"count":0,"href":"https:\/\/masquenoticiastucuman.com.ar\/index.php?rest_route=\/wp\/v2\/posts\/61503\/revisions"}],"wp:attachment":[{"href":"https:\/\/masquenoticiastucuman.com.ar\/index.php?rest_route=%2Fwp%2Fv2%2Fmedia&parent=61503"}],"wp:term":[{"taxonomy":"category","embeddable":true,"href":"https:\/\/masquenoticiastucuman.com.ar\/index.php?rest_route=%2Fwp%2Fv2%2Fcategories&post=61503"},{"taxonomy":"post_tag","embeddable":true,"href":"https:\/\/masquenoticiastucuman.com.ar\/index.php?rest_route=%2Fwp%2Fv2%2Ftags&post=61503"}],"curies":[{"name":"wp","href":"https:\/\/api.w.org\/{rel}","templated":true}]}}