{"id":61505,"date":"2026-04-28T06:01:35","date_gmt":"2026-04-28T09:01:35","guid":{"rendered":"http:\/\/masquenoticiastucuman.com.ar\/?p=61505"},"modified":"2026-04-28T06:01:35","modified_gmt":"2026-04-28T09:01:35","slug":"llega-el-primer-crucero-tematico-del-hockey-itinerario-precios-y-que-figuras-argentinas-estaran-a-bordo","status":"publish","type":"post","link":"https:\/\/masquenoticiastucuman.com.ar\/?p=61505","title":{"rendered":"Llega el primer crucero tem\u00e1tico del hockey: itinerario, precios y qu\u00e9 figuras argentinas estar\u00e1n a bordo"},"content":{"rendered":"<ul>\n<li>Junto a referentes argentinos del deporte, el itinerario ofrece la oportunidad tomar clases y compartir momentos a bordo.<\/li>\n<li>C\u00f3mo es la propuesta y las escalas del crucero para fans del deporte.<\/li>\n<\/ul>\n<p>\u200bJunto a referentes argentinos del deporte, el itinerario ofrece la oportunidad tomar clases y compartir momentos a bordo.C\u00f3mo es la propuesta y las escalas del crucero para fans del deporte.\u00a0<a href=\"https:\/\/www.clarin.com\/viajes\/llega-primer-crucero-tematico-hockey-itinerario-precios-figuras-argentinas-bordo_0_i4ljuemn3a.html\" target=\"_blank\" class=\"feedzy-rss-link-icon\">Read More<\/a><\/p>","protected":false},"excerpt":{"rendered":"<p>Junto a referentes argentinos del deporte, el itinerario ofrece la oportunidad tomar clases y compartir&#8230;<\/p>\n","protected":false},"author":1,"featured_media":0,"comment_status":"open","ping_status":"open","sticky":false,"template":"","format":"standard","meta":{"footnotes":""},"categories":[7],"tags":[],"class_list":["post-61505","post","type-post","status-publish","format-standard","has-post-thumbnail","hentry","category-turismo"],"_links":{"self":[{"href":"https:\/\/masquenoticiastucuman.com.ar\/index.php?rest_route=\/wp\/v2\/posts\/61505","targetHints":{"allow":["GET"]}}],"collection":[{"href":"https:\/\/masquenoticiastucuman.com.ar\/index.php?rest_route=\/wp\/v2\/posts"}],"about":[{"href":"https:\/\/masquenoticiastucuman.com.ar\/index.php?rest_route=\/wp\/v2\/types\/post"}],"author":[{"embeddable":true,"href":"https:\/\/masquenoticiastucuman.com.ar\/index.php?rest_route=\/wp\/v2\/users\/1"}],"replies":[{"embeddable":true,"href":"https:\/\/masquenoticiastucuman.com.ar\/index.php?rest_route=%2Fwp%2Fv2%2Fcomments&post=61505"}],"version-history":[{"count":0,"href":"https:\/\/masquenoticiastucuman.com.ar\/index.php?rest_route=\/wp\/v2\/posts\/61505\/revisions"}],"wp:attachment":[{"href":"https:\/\/masquenoticiastucuman.com.ar\/index.php?rest_route=%2Fwp%2Fv2%2Fmedia&parent=61505"}],"wp:term":[{"taxonomy":"category","embeddable":true,"href":"https:\/\/masquenoticiastucuman.com.ar\/index.php?rest_route=%2Fwp%2Fv2%2Fcategories&post=61505"},{"taxonomy":"post_tag","embeddable":true,"href":"https:\/\/masquenoticiastucuman.com.ar\/index.php?rest_route=%2Fwp%2Fv2%2Ftags&post=61505"}],"curies":[{"name":"wp","href":"https:\/\/api.w.org\/{rel}","templated":true}]}}