{"id":61506,"date":"2026-04-28T06:03:34","date_gmt":"2026-04-28T09:03:34","guid":{"rendered":"http:\/\/masquenoticiastucuman.com.ar\/?p=61506"},"modified":"2026-04-28T06:03:34","modified_gmt":"2026-04-28T09:03:34","slug":"michael-la-biopic-de-michael-jackson-tendra-una-secuela-lo-que-contara","status":"publish","type":"post","link":"https:\/\/masquenoticiastucuman.com.ar\/?p=61506","title":{"rendered":"Michael, la biopic de Michael Jackson, tendr\u00e1 una secuela: lo que contar\u00e1"},"content":{"rendered":"<ul>\n<li>Los 218 millones de d\u00f3lares recaudados por la biopic de Michael Jackson en su primer fin de semana lo har\u00e1n realidad.<\/li>\n<li>Qued\u00f3 un 30% de lo filmado sin utilizar. \u00bfSirve? \u00bfHar\u00e1n un nuevo arreglo con quienes acusaron al Rey del Pop de abuso sexual?<\/li>\n<\/ul>\n<p>\u200bLos 218 millones de d\u00f3lares recaudados por la biopic de Michael Jackson en su primer fin de semana lo har\u00e1n realidad.Qued\u00f3 un 30% de lo filmado sin utilizar. \u00bfSirve? \u00bfHar\u00e1n un nuevo arreglo con quienes acusaron al Rey del Pop de abuso sexual?\u00a0<a href=\"https:\/\/www.clarin.com\/espectaculos\/michael-biopic-michael-jackson-secuela-contara_0_cXqZxKwj1d.html\" target=\"_blank\" class=\"feedzy-rss-link-icon\">Read More<\/a><\/p>","protected":false},"excerpt":{"rendered":"<p>Los 218 millones de d\u00f3lares recaudados por la biopic de Michael Jackson en su primer&#8230;<\/p>\n","protected":false},"author":1,"featured_media":0,"comment_status":"open","ping_status":"open","sticky":false,"template":"","format":"standard","meta":{"footnotes":""},"categories":[5],"tags":[],"class_list":["post-61506","post","type-post","status-publish","format-standard","has-post-thumbnail","hentry","category-espectaculo"],"_links":{"self":[{"href":"https:\/\/masquenoticiastucuman.com.ar\/index.php?rest_route=\/wp\/v2\/posts\/61506","targetHints":{"allow":["GET"]}}],"collection":[{"href":"https:\/\/masquenoticiastucuman.com.ar\/index.php?rest_route=\/wp\/v2\/posts"}],"about":[{"href":"https:\/\/masquenoticiastucuman.com.ar\/index.php?rest_route=\/wp\/v2\/types\/post"}],"author":[{"embeddable":true,"href":"https:\/\/masquenoticiastucuman.com.ar\/index.php?rest_route=\/wp\/v2\/users\/1"}],"replies":[{"embeddable":true,"href":"https:\/\/masquenoticiastucuman.com.ar\/index.php?rest_route=%2Fwp%2Fv2%2Fcomments&post=61506"}],"version-history":[{"count":0,"href":"https:\/\/masquenoticiastucuman.com.ar\/index.php?rest_route=\/wp\/v2\/posts\/61506\/revisions"}],"wp:attachment":[{"href":"https:\/\/masquenoticiastucuman.com.ar\/index.php?rest_route=%2Fwp%2Fv2%2Fmedia&parent=61506"}],"wp:term":[{"taxonomy":"category","embeddable":true,"href":"https:\/\/masquenoticiastucuman.com.ar\/index.php?rest_route=%2Fwp%2Fv2%2Fcategories&post=61506"},{"taxonomy":"post_tag","embeddable":true,"href":"https:\/\/masquenoticiastucuman.com.ar\/index.php?rest_route=%2Fwp%2Fv2%2Ftags&post=61506"}],"curies":[{"name":"wp","href":"https:\/\/api.w.org\/{rel}","templated":true}]}}