{"id":61508,"date":"2026-04-28T05:45:32","date_gmt":"2026-04-28T08:45:32","guid":{"rendered":"http:\/\/masquenoticiastucuman.com.ar\/?p=61508"},"modified":"2026-04-28T05:45:32","modified_gmt":"2026-04-28T08:45:32","slug":"italia-1934-la-novela-del-caos-que-llevo-a-argentina-al-mundial-sin-jugar-la-eliminatoria","status":"publish","type":"post","link":"https:\/\/masquenoticiastucuman.com.ar\/?p=61508","title":{"rendered":"Italia 1934: la novela del caos que llev\u00f3 a Argentina al Mundial sin jugar la Eliminatoria"},"content":{"rendered":"<ul>\n<li>Entre internas dirigenciales, intereses econ\u00f3micos y tensiones internacionales, se defini\u00f3 un camino at\u00edpico.<\/li>\n<li>Chile se baj\u00f3, no hubo partido y la Selecci\u00f3n lleg\u00f3 a la Copa en medio del conflicto.<\/li>\n<\/ul>\n<p>\u200bEntre internas dirigenciales, intereses econ\u00f3micos y tensiones internacionales, se defini\u00f3 un camino at\u00edpico.Chile se baj\u00f3, no hubo partido y la Selecci\u00f3n lleg\u00f3 a la Copa en medio del conflicto.\u00a0<a href=\"https:\/\/www.clarin.com\/deportes\/italia-1934-novela-caos-llevo-argentina-mundial-jugar-eliminatoria_0_viOnXKgEpb.html\" target=\"_blank\" class=\"feedzy-rss-link-icon\">Read More<\/a><\/p>","protected":false},"excerpt":{"rendered":"<p>Entre internas dirigenciales, intereses econ\u00f3micos y tensiones internacionales, se defini\u00f3 un camino at\u00edpico. Chile se&#8230;<\/p>\n","protected":false},"author":1,"featured_media":0,"comment_status":"open","ping_status":"open","sticky":false,"template":"","format":"standard","meta":{"footnotes":""},"categories":[6],"tags":[],"class_list":["post-61508","post","type-post","status-publish","format-standard","has-post-thumbnail","hentry","category-deportes"],"_links":{"self":[{"href":"https:\/\/masquenoticiastucuman.com.ar\/index.php?rest_route=\/wp\/v2\/posts\/61508","targetHints":{"allow":["GET"]}}],"collection":[{"href":"https:\/\/masquenoticiastucuman.com.ar\/index.php?rest_route=\/wp\/v2\/posts"}],"about":[{"href":"https:\/\/masquenoticiastucuman.com.ar\/index.php?rest_route=\/wp\/v2\/types\/post"}],"author":[{"embeddable":true,"href":"https:\/\/masquenoticiastucuman.com.ar\/index.php?rest_route=\/wp\/v2\/users\/1"}],"replies":[{"embeddable":true,"href":"https:\/\/masquenoticiastucuman.com.ar\/index.php?rest_route=%2Fwp%2Fv2%2Fcomments&post=61508"}],"version-history":[{"count":0,"href":"https:\/\/masquenoticiastucuman.com.ar\/index.php?rest_route=\/wp\/v2\/posts\/61508\/revisions"}],"wp:attachment":[{"href":"https:\/\/masquenoticiastucuman.com.ar\/index.php?rest_route=%2Fwp%2Fv2%2Fmedia&parent=61508"}],"wp:term":[{"taxonomy":"category","embeddable":true,"href":"https:\/\/masquenoticiastucuman.com.ar\/index.php?rest_route=%2Fwp%2Fv2%2Fcategories&post=61508"},{"taxonomy":"post_tag","embeddable":true,"href":"https:\/\/masquenoticiastucuman.com.ar\/index.php?rest_route=%2Fwp%2Fv2%2Ftags&post=61508"}],"curies":[{"name":"wp","href":"https:\/\/api.w.org\/{rel}","templated":true}]}}