{"id":61510,"date":"2026-04-28T07:39:49","date_gmt":"2026-04-28T10:39:49","guid":{"rendered":"https:\/\/masquenoticiastucuman.com.ar\/?p=61510"},"modified":"2026-04-28T07:39:49","modified_gmt":"2026-04-28T10:39:49","slug":"el-hospital-centro-de-salud-realizo-una-compleja-intervencion-de-estrabismo-en-adultos","status":"publish","type":"post","link":"https:\/\/masquenoticiastucuman.com.ar\/?p=61510","title":{"rendered":"El Hospital Centro de Salud realiz\u00f3 una compleja intervenci\u00f3n de estrabismo en adultos"},"content":{"rendered":"\n<p>Se trat\u00f3 de un caso de esotrop\u00eda desviaci\u00f3n de los ojos hacia adentro, que se hab\u00eda agravado con el paso del tiempo, generando visi\u00f3n doble y dificultades en la vida cotidiana del paciente.<\/p>\n\n\n\n<p id=\"isPasted\">El Sistema de Salud P\u00fablica contin\u00faa avanzando en la incorporaci\u00f3n de pr\u00e1cticas de alta complejidad. En esta oportunidad, el equipo del Servicio de Oftalmolog\u00eda del efector llev\u00f3 a cabo con \u00e9xito una cirug\u00eda de estrabismo en un paciente adulto, una intervenci\u00f3n poco frecuente en hospitales p\u00fablicos para mayores de 15 a\u00f1os.<\/p>\n\n\n\n<p>El jefe del servicio, el doctor&nbsp;<strong>Daniel Dilascio<\/strong>, explic\u00f3 que se trat\u00f3 de un caso de esotrop\u00eda desviaci\u00f3n de los ojos hacia adentro, que se hab\u00eda agravado con el paso del tiempo, generando visi\u00f3n doble y dificultades en la vida cotidiana del paciente. \u201cSon patolog\u00edas que pueden descompensarse con la edad y afectar notablemente la calidad de vida\u201d, detall\u00f3.<\/p>\n\n\n\n<p>La intervenci\u00f3n se realiz\u00f3 en el quir\u00f3fano central bajo anestesia general y siguiendo todos los protocolos m\u00e9dicos. El procedimiento consisti\u00f3 en un doble retroceso de aproximadamente seis mil\u00edmetros, t\u00e9cnica que permiti\u00f3 restablecer la alineaci\u00f3n ocular, conocida como ortotrop\u00eda y eliminar la desviaci\u00f3n. Tras la cirug\u00eda, el paciente evolucion\u00f3 favorablemente y expres\u00f3 su satisfacci\u00f3n con los resultados obtenidos.<\/p>\n\n\n\n<p>Dilascio destac\u00f3 el trabajo articulado con la Universidad Nacional de Tucum\u00e1n, a trav\u00e9s de la participaci\u00f3n de la especialista en estrabismo, doctora<strong>&nbsp;Ver\u00f3nica P\u00e9rez Baz\u00e1n<\/strong>, y la doctora&nbsp;<strong>Mabel Ram\u00edrez,<\/strong>&nbsp;integrante del servicio. \u201cEsta colaboraci\u00f3n es fundamental para poder llevar adelante este tipo de cirug\u00edas complejas en el \u00e1mbito p\u00fablico\u201d, se\u00f1al\u00f3.<\/p>\n\n\n\n<p>En relaci\u00f3n a la frecuencia de estas intervenciones, el profesional aclar\u00f3 que no todos los casos de estrabismo son quir\u00fargicos y que existen variantes m\u00e1s complejas, como los estrabismos paral\u00edticos, cuya resoluci\u00f3n depende de cada situaci\u00f3n particular. No obstante, remarc\u00f3 que este tipo de procedimientos no se realiza en todos los hospitales p\u00fablicos de adultos, siendo el Hospital Centro de Salud uno de los pocos en la provincia en ofrecer esta pr\u00e1ctica.<\/p>\n\n\n\n<p>Finalmente, el especialista subray\u00f3 la importancia de la incorporaci\u00f3n de nuevas tecnolog\u00edas en el Sistema de Sanitario provincial, a cargo del doctor&nbsp;<strong>Luis Medina Ruiz.<\/strong>&nbsp;En ese sentido, mencion\u00f3 la reciente llegada de equipamiento de \u00faltima generaci\u00f3n tanto al Hospital Centro de Salud como al Hospital Kirchner, especialmente destinado a cirug\u00edas de cataratas, una de las pr\u00e1cticas m\u00e1s frecuentes en oftalmolog\u00eda.<\/p>\n","protected":false},"excerpt":{"rendered":"<p>Se trat\u00f3 de un caso de esotrop\u00eda desviaci\u00f3n de los ojos hacia adentro, que se&#8230;<\/p>\n","protected":false},"author":2,"featured_media":61511,"comment_status":"open","ping_status":"open","sticky":false,"template":"","format":"standard","meta":{"footnotes":""},"categories":[2],"tags":[],"class_list":["post-61510","post","type-post","status-publish","format-standard","has-post-thumbnail","hentry","category-locales"],"_links":{"self":[{"href":"https:\/\/masquenoticiastucuman.com.ar\/index.php?rest_route=\/wp\/v2\/posts\/61510","targetHints":{"allow":["GET"]}}],"collection":[{"href":"https:\/\/masquenoticiastucuman.com.ar\/index.php?rest_route=\/wp\/v2\/posts"}],"about":[{"href":"https:\/\/masquenoticiastucuman.com.ar\/index.php?rest_route=\/wp\/v2\/types\/post"}],"author":[{"embeddable":true,"href":"https:\/\/masquenoticiastucuman.com.ar\/index.php?rest_route=\/wp\/v2\/users\/2"}],"replies":[{"embeddable":true,"href":"https:\/\/masquenoticiastucuman.com.ar\/index.php?rest_route=%2Fwp%2Fv2%2Fcomments&post=61510"}],"version-history":[{"count":1,"href":"https:\/\/masquenoticiastucuman.com.ar\/index.php?rest_route=\/wp\/v2\/posts\/61510\/revisions"}],"predecessor-version":[{"id":61512,"href":"https:\/\/masquenoticiastucuman.com.ar\/index.php?rest_route=\/wp\/v2\/posts\/61510\/revisions\/61512"}],"wp:featuredmedia":[{"embeddable":true,"href":"https:\/\/masquenoticiastucuman.com.ar\/index.php?rest_route=\/wp\/v2\/media\/61511"}],"wp:attachment":[{"href":"https:\/\/masquenoticiastucuman.com.ar\/index.php?rest_route=%2Fwp%2Fv2%2Fmedia&parent=61510"}],"wp:term":[{"taxonomy":"category","embeddable":true,"href":"https:\/\/masquenoticiastucuman.com.ar\/index.php?rest_route=%2Fwp%2Fv2%2Fcategories&post=61510"},{"taxonomy":"post_tag","embeddable":true,"href":"https:\/\/masquenoticiastucuman.com.ar\/index.php?rest_route=%2Fwp%2Fv2%2Ftags&post=61510"}],"curies":[{"name":"wp","href":"https:\/\/api.w.org\/{rel}","templated":true}]}}