{"id":61513,"date":"2026-04-28T08:10:41","date_gmt":"2026-04-28T11:10:41","guid":{"rendered":"https:\/\/masquenoticiastucuman.com.ar\/?p=61513"},"modified":"2026-04-28T08:10:41","modified_gmt":"2026-04-28T11:10:41","slug":"manana-comienza-el-pago-de-sueldos-para-trabajadores-del-estado","status":"publish","type":"post","link":"https:\/\/masquenoticiastucuman.com.ar\/?p=61513","title":{"rendered":"Ma\u00f1ana comienza el pago de sueldos para trabajadores del Estado"},"content":{"rendered":"\n<p>El cronograma del 20% inicia el miercoles 29 de abril, mientras que el 80% comienza el 6 de mayo.<\/p>\n\n\n\n<p id=\"isPasted\">La Tesorer\u00eda de la Provincia, organismo que depende de la Secretar\u00eda de Hacienda del Ministerio de Econom\u00eda y Producci\u00f3n, inform\u00f3 el cronograma del pago de sueldos del mes de abril. Primero, se abonar\u00e1 el 20% (parte proporcional) para luego continuar con el pago del 80% (parte complementaria).&nbsp;<\/p>\n\n\n\n<p><strong><em>Cronograma del 20%<\/em><\/strong><\/p>\n\n\n\n<p><strong>Mi\u00e9rcoles 29 de abril<\/strong><\/p>\n\n\n\n<ul class=\"wp-block-list\">\n<li>Sistema Provincial de Salud (Siprosa)<\/li>\n\n\n\n<li>Instituto Provincial de la Vivienda<\/li>\n\n\n\n<li>Instituto Provincial de Lucha contra el Alcoholismo<\/li>\n\n\n\n<li>Ente \u00danico de Reg. de Servic. P\u00fab. Pcial. (E.R.S.E.P.T.)<\/li>\n\n\n\n<li>Seguridad (Dpto. Gral. de Polic\u00eda &#8211; Direc. Gral. de Institutos Penales)<\/li>\n<\/ul>\n\n\n\n<p><strong>Jueves 30 de abril<\/strong><\/p>\n\n\n\n<ul class=\"wp-block-list\">\n<li>Comunas Rurales<\/li>\n\n\n\n<li>Administraci\u00f3n Central<\/li>\n\n\n\n<li>Defensor\u00eda del Pueblo<\/li>\n\n\n\n<li>Tribunal de Cuentas<\/li>\n\n\n\n<li>Tribunal Fiscal de Apelaci\u00f3n<\/li>\n\n\n\n<li>Poder Legislativo<\/li>\n\n\n\n<li>Direcci\u00f3n Provincial de Vialidad (D.P.V.)<\/li>\n\n\n\n<li>Poder Judicial (Ctro. Jud. Concepci\u00f3n &#8211; Ctro. Judicial Monteros &#8211; Corte Suprema de Just. &#8211; Just. Paz Legal)<\/li>\n\n\n\n<li>Ministerio P\u00fablico Fiscal<\/li>\n\n\n\n<li>Ministerio Pupilar y de la Defensa<\/li>\n<\/ul>\n\n\n\n<p><strong>Viernes 1 de mayo<\/strong><\/p>\n\n\n\n<ul class=\"wp-block-list\">\n<li>Municipios del Interior<\/li>\n\n\n\n<li>Direcci\u00f3 Recursos Hidricos<\/li>\n\n\n\n<li>Ente Aut\u00e1rquico Tucum\u00e1n Turismo<\/li>\n\n\n\n<li>Ente Cultural de Tucum\u00e1n<\/li>\n\n\n\n<li>Instituto Provincial Acci\u00f3n Cooperativa y Mutual (I.P.A.C.Y.M.)<\/li>\n\n\n\n<li>Servicio Provincial de Agua Potable y Saneamiento (S.E.P.A.P.Y.S.)<\/li>\n\n\n\n<li>Instituto Desarrollo Productivo<\/li>\n\n\n\n<li>Ente Infraestructura Comunitaria<\/li>\n\n\n\n<li>Inst. Promoci\u00f3n del Az\u00facar y Alcohol<\/li>\n\n\n\n<li>Ente Aut\u00e1rquico Teatro Mercedes Sosa<\/li>\n<\/ul>\n\n\n\n<p><strong><em>Cronograma del 80%<\/em><\/strong><\/p>\n\n\n\n<p id=\"isPasted\"><strong>Mi\u00e9rcoles 6 de mayo<\/strong><\/p>\n\n\n\n<ul class=\"wp-block-list\">\n<li>Sistema Provincial de Salud (Si.Pro.Sa.)<\/li>\n\n\n\n<li>Instituto Provincial de la Vivienda<\/li>\n\n\n\n<li>Ente \u00danico de Reg. de Servic. Pub. Pcial. (E.R.S.E.P.T.)<\/li>\n\n\n\n<li>Estaci\u00f3n Experimental Agroindustrial Obispo Colombres<\/li>\n\n\n\n<li>Sociedad Aguas del Tucum\u00e1n<\/li>\n<\/ul>\n\n\n\n<p><strong>Jueves 7 de mayo<\/strong><\/p>\n\n\n\n<ul class=\"wp-block-list\">\n<li>Seguridad (Dpto. Gral. de Polic\u00eda &#8211; Direc. Gral. de Institutos Penales)<\/li>\n\n\n\n<li>Educaci\u00f3n Establec. Provinciales (Esc. Provinciales Rep. 18 &#8211; Esc. Sec. Transferidas Rep. 25 &#8211; Esc. Sec. Transf. Rep. 26 &#8211; Esc. Sec. Transf. Rep. 27)<\/li>\n\n\n\n<li>Administraci\u00f3n Central<\/li>\n\n\n\n<li>Defensor\u00eda del Pueblo<\/li>\n\n\n\n<li>Instituto Provincial de Lucha contra el Alcoholismo<\/li>\n\n\n\n<li>Direcci\u00f3n Provincial de Vialidad (D.P.V.)<\/li>\n<\/ul>\n\n\n\n<p><strong>Viernes 8 de mayo<\/strong><\/p>\n\n\n\n<ul class=\"wp-block-list\">\n<li>Educaci\u00f3n Establec. Provinciales (Esc. Provinciales Rep. 18 &#8211; Esc. Sec. Transferidas Rep. 25 &#8211; Esc. Sec. Transf. Rep. 26 &#8211; Esc. Sec. Transf. Rep. 27)<\/li>\n\n\n\n<li>Comunas Rurales<\/li>\n\n\n\n<li>Tribunal de Cuentas<\/li>\n\n\n\n<li>Tribunal Fiscal de Apelaci\u00f3n<\/li>\n\n\n\n<li>Jubilados fuera de convenio<\/li>\n\n\n\n<li>Renta vitalicia H\u00e9roes de Malvinas<\/li>\n\n\n\n<li>Asignaciones ex empleados Talleres de Taf\u00ed Viejo<\/li>\n\n\n\n<li>Poder Legislativo<\/li>\n<\/ul>\n\n\n\n<p><strong>S\u00e1bado 9 de mayo<\/strong><\/p>\n\n\n\n<ul class=\"wp-block-list\">\n<li>Poder Judicial (Ctro. Jud. Concepci\u00f3n &#8211; Ctro. Judicial Monteros &#8211; Corte Suprema de Just. &#8211; Just. Paz Legal)<\/li>\n\n\n\n<li>Ministerio P\u00fablico Fiscal<\/li>\n\n\n\n<li>Ministerio Pupilar y de la Defensa<\/li>\n\n\n\n<li>Municipios del Interior<\/li>\n\n\n\n<li>Direcci\u00f3n Recursos H\u00eddricos<\/li>\n\n\n\n<li>Ente Aut\u00e1rquico Tucum\u00e1n Turismo<\/li>\n\n\n\n<li>Ente Cultural de Tucum\u00e1n<\/li>\n\n\n\n<li>Instituto Provincial Acci\u00f3n Cooperativa y Mutual (I.P.A.C.Y.M.)<\/li>\n\n\n\n<li>Servicio Provincial de Agua Potable y Saneamiento (S.E.P.A.P.Y.S.)<\/li>\n\n\n\n<li>Instituto Desarrollo Productivo<\/li>\n\n\n\n<li>Ente Infraestructura Comunitaria<\/li>\n\n\n\n<li>Inst. Promoci\u00f3n del Az\u00facar y Alcohol<\/li>\n\n\n\n<li>Ente Aut\u00e1rq. Teatro Mercedes Sosa<\/li>\n\n\n\n<li>Educaci\u00f3n Establecimientos P\u00fablicos de Gesti\u00f3n Privada (Privados Primarios, Secundarios, Terciarios Transferidos)<\/li>\n<\/ul>\n","protected":false},"excerpt":{"rendered":"<p>El cronograma del 20% inicia el miercoles 29 de abril, mientras que el 80% comienza&#8230;<\/p>\n","protected":false},"author":2,"featured_media":61514,"comment_status":"open","ping_status":"open","sticky":false,"template":"","format":"standard","meta":{"footnotes":""},"categories":[2],"tags":[],"class_list":["post-61513","post","type-post","status-publish","format-standard","has-post-thumbnail","hentry","category-locales"],"_links":{"self":[{"href":"https:\/\/masquenoticiastucuman.com.ar\/index.php?rest_route=\/wp\/v2\/posts\/61513","targetHints":{"allow":["GET"]}}],"collection":[{"href":"https:\/\/masquenoticiastucuman.com.ar\/index.php?rest_route=\/wp\/v2\/posts"}],"about":[{"href":"https:\/\/masquenoticiastucuman.com.ar\/index.php?rest_route=\/wp\/v2\/types\/post"}],"author":[{"embeddable":true,"href":"https:\/\/masquenoticiastucuman.com.ar\/index.php?rest_route=\/wp\/v2\/users\/2"}],"replies":[{"embeddable":true,"href":"https:\/\/masquenoticiastucuman.com.ar\/index.php?rest_route=%2Fwp%2Fv2%2Fcomments&post=61513"}],"version-history":[{"count":1,"href":"https:\/\/masquenoticiastucuman.com.ar\/index.php?rest_route=\/wp\/v2\/posts\/61513\/revisions"}],"predecessor-version":[{"id":61515,"href":"https:\/\/masquenoticiastucuman.com.ar\/index.php?rest_route=\/wp\/v2\/posts\/61513\/revisions\/61515"}],"wp:featuredmedia":[{"embeddable":true,"href":"https:\/\/masquenoticiastucuman.com.ar\/index.php?rest_route=\/wp\/v2\/media\/61514"}],"wp:attachment":[{"href":"https:\/\/masquenoticiastucuman.com.ar\/index.php?rest_route=%2Fwp%2Fv2%2Fmedia&parent=61513"}],"wp:term":[{"taxonomy":"category","embeddable":true,"href":"https:\/\/masquenoticiastucuman.com.ar\/index.php?rest_route=%2Fwp%2Fv2%2Fcategories&post=61513"},{"taxonomy":"post_tag","embeddable":true,"href":"https:\/\/masquenoticiastucuman.com.ar\/index.php?rest_route=%2Fwp%2Fv2%2Ftags&post=61513"}],"curies":[{"name":"wp","href":"https:\/\/api.w.org\/{rel}","templated":true}]}}