{"id":61521,"date":"2026-04-28T08:42:34","date_gmt":"2026-04-28T11:42:34","guid":{"rendered":"http:\/\/masquenoticiastucuman.com.ar\/?p=61521"},"modified":"2026-04-28T08:42:34","modified_gmt":"2026-04-28T11:42:34","slug":"masters-1000-de-madrid-dia-7-etcheverry-se-despidio-temprano-y-cerundolo-quiere-dar-otro-paso","status":"publish","type":"post","link":"https:\/\/masquenoticiastucuman.com.ar\/?p=61521","title":{"rendered":"Masters 1000 de Madrid, d\u00eda 7: Etcheverry se despidi\u00f3 temprano y Cer\u00fandolo quiere dar otro paso"},"content":{"rendered":"<ul>\n<li>El nacido en La Plata cay\u00f3 en sets corridos frente al franc\u00e9s Fils.<\/li>\n<li>Fran se enfrenta  a Alexander Blockx cerca de las 14 de Argentina.<\/li>\n<\/ul>\n<p>\u200bEl nacido en La Plata cay\u00f3 en sets corridos frente al franc\u00e9s Fils.Fran se enfrenta  a Alexander Blockx cerca de las 14 de Argentina.\u00a0<a href=\"https:\/\/www.clarin.com\/deportes\/masters-1000-madrid-dia-7-etcheverry-despidio-temprano-cerundolo-quiere-dar-paso_0_YYw9cPUHSn.html\" target=\"_blank\" class=\"feedzy-rss-link-icon\">Read More<\/a><\/p>","protected":false},"excerpt":{"rendered":"<p>El nacido en La Plata cay\u00f3 en sets corridos frente al franc\u00e9s Fils. Fran se&#8230;<\/p>\n","protected":false},"author":1,"featured_media":0,"comment_status":"open","ping_status":"open","sticky":false,"template":"","format":"standard","meta":{"footnotes":""},"categories":[6],"tags":[],"class_list":["post-61521","post","type-post","status-publish","format-standard","has-post-thumbnail","hentry","category-deportes"],"_links":{"self":[{"href":"https:\/\/masquenoticiastucuman.com.ar\/index.php?rest_route=\/wp\/v2\/posts\/61521","targetHints":{"allow":["GET"]}}],"collection":[{"href":"https:\/\/masquenoticiastucuman.com.ar\/index.php?rest_route=\/wp\/v2\/posts"}],"about":[{"href":"https:\/\/masquenoticiastucuman.com.ar\/index.php?rest_route=\/wp\/v2\/types\/post"}],"author":[{"embeddable":true,"href":"https:\/\/masquenoticiastucuman.com.ar\/index.php?rest_route=\/wp\/v2\/users\/1"}],"replies":[{"embeddable":true,"href":"https:\/\/masquenoticiastucuman.com.ar\/index.php?rest_route=%2Fwp%2Fv2%2Fcomments&post=61521"}],"version-history":[{"count":0,"href":"https:\/\/masquenoticiastucuman.com.ar\/index.php?rest_route=\/wp\/v2\/posts\/61521\/revisions"}],"wp:attachment":[{"href":"https:\/\/masquenoticiastucuman.com.ar\/index.php?rest_route=%2Fwp%2Fv2%2Fmedia&parent=61521"}],"wp:term":[{"taxonomy":"category","embeddable":true,"href":"https:\/\/masquenoticiastucuman.com.ar\/index.php?rest_route=%2Fwp%2Fv2%2Fcategories&post=61521"},{"taxonomy":"post_tag","embeddable":true,"href":"https:\/\/masquenoticiastucuman.com.ar\/index.php?rest_route=%2Fwp%2Fv2%2Ftags&post=61521"}],"curies":[{"name":"wp","href":"https:\/\/api.w.org\/{rel}","templated":true}]}}